{"id":773,"date":"2012-09-11T10:23:45","date_gmt":"2012-09-11T12:23:45","guid":{"rendered":"http:\/\/www.encontraermelinomatarazzo.com.br\/noticias\/?p=773"},"modified":"2019-04-29T17:14:48","modified_gmt":"2019-04-29T19:14:48","slug":"subprefeitura-de-ermelino-matarazzo-organiza-operacao-cata-bagulho-na-vila-rio-branco","status":"publish","type":"post","link":"https:\/\/www.encontraermelinomatarazzo.com.br\/sobre\/subprefeitura-de-ermelino-matarazzo-organiza-operacao-cata-bagulho-na-vila-rio-branco\/","title":{"rendered":"Subprefeitura de Ermelino Matarazzo organiza opera\u00e7\u00e3o Cata Bagulho na Vila Rio Branco"},"content":{"rendered":"<div class=\"582a572a76647b318fccfc02422c37de\" data-index=\"1\" style=\"float: none; margin:0px;\">\n<!-- Anuncio display - global -->\r\n<ins class=\"adsbygoogle\"\r\n     style=\"display:block\"\r\n     data-ad-client=\"ca-pub-8585364105181520\"\r\n     data-ad-slot=\"8789329856\"\r\n     data-ad-format=\"auto\"\r\n     data-full-width-responsive=\"true\"><\/ins>\r\n<script>\r\n     (adsbygoogle = window.adsbygoogle || []).push({});\r\n<\/script>\n<\/div>\n<p>A Subprefeitura de Ermelino Matarazzo realiza s\u00e1bado, dia 15 de setembro, Opera\u00e7\u00e3o Cata-bagulho na Vila Rio Branco.<\/p>\n<p>As equipes percorrer\u00e3o 27 vias para recolher materiais que n\u00e3o t\u00eam mais utilidade, como m\u00f3veis velhos, pneus usados e eletrodom\u00e9sticos quebrados.<\/p>\n<p>Os moradores devem deixar esses objetos em suas cal\u00e7adas, a partir das 7h at\u00e9 \u00e0s 10h, para serem recolhidos.<\/p>\n<p>A iniciativa contribui no combate \u00e0s enchentes, ao evitar que esses materiais sejam descartados\u00a0na via p\u00fablica e prejudiquem o escoamento das \u00e1guas em dias de chuva ao entupir bueiros e bocas-de-lobo.<\/p>\n<p><strong>Ruas contempladas:<\/strong><\/p>\n<p>Avenida Capit\u00e3o Ancelmo Barcelos<br \/>\nAvenida Conrado Niemeyer<br \/>\nAvenida Lagoa Mirim<br \/>\nRua Engenheiro Osvaldo Andreani<br \/>\nRua Artur Friedenreich<br \/>\nRua Barra da Figueira<br \/>\nRua Boca de Le\u00e3o<br \/>\nRua Cara\u00ed<br \/>\nRua Carvalh\u00f3polis<br \/>\nRua Denis Antonio Casemiro<br \/>\nRua dos Argentinos<br \/>\nRua dos Bolivianos<br \/>\nRua dos Pontos Cardeais<br \/>\nRua Fcrancisco de Souza Queir\u00f3s<br \/>\nRua Guaxuma<br \/>\nRua Japaraiguara<br \/>\nRua Lucio de Arruda leme<br \/>\nRua Pedro Gomes de Camargo<br \/>\nRua Quatipurus<br \/>\nRua Sancho Junqueira<br \/>\nRua Utrech<\/p>\n<p>Rua Vila\u00e7a Junior<br \/>\nRua Viriato de Medeiros<br \/>\nTravessa Antonio Scaff<br \/>\nTravessa Persea C\u00e1ssia<br \/>\nTravessa Tavares<br \/>\nEstrada de Mogi das Cruzes (Altura da Rua Embira at\u00e9 Eng\u00ba Osvaldo Andreoni)<\/p>\n<p><em>Fonte: Prefeitura de S. Paulo\u00a0<\/em><\/p>\n\n<div style=\"font-size: 0px; height: 0px; line-height: 0px; margin: 0; padding: 0; clear: both;\"><\/div>","protected":false},"excerpt":{"rendered":"<p>A Subprefeitura de Ermelino Matarazzo realiza s\u00e1bado, dia 15 de setembro, Opera\u00e7\u00e3o Cata-bagulho na Vila Rio Branco. As equipes percorrer\u00e3o 27 vias para recolher materiais que n\u00e3o t\u00eam mais utilidade, como m\u00f3veis velhos, pneus usados e eletrodom\u00e9sticos quebrados. Os moradores devem deixar esses objetos em suas cal\u00e7adas, a partir das 7h at\u00e9 \u00e0s 10h, para serem recolhidos. A iniciativa contribui no combate \u00e0s enchentes, ao evitar que esses materiais sejam descartados\u00a0na via p\u00fablica e prejudiquem o escoamento das \u00e1guas em dias de chuva ao entupir bueiros e bocas-de-lobo. Ruas contempladas: Avenida Capit\u00e3o Ancelmo Barcelos Avenida Conrado Niemeyer Avenida Lagoa Mirim <\/p>\n","protected":false},"author":1,"featured_media":0,"comment_status":"open","ping_status":"closed","sticky":false,"template":"","format":"standard","meta":{"footnotes":""},"categories":[6],"tags":[],"class_list":["post-773","post","type-post","status-publish","format-standard","hentry","category-noticias-em-ermelino-matarazzo"],"aioseo_notices":[],"_links":{"self":[{"href":"https:\/\/www.encontraermelinomatarazzo.com.br\/sobre\/wp-json\/wp\/v2\/posts\/773","targetHints":{"allow":["GET"]}}],"collection":[{"href":"https:\/\/www.encontraermelinomatarazzo.com.br\/sobre\/wp-json\/wp\/v2\/posts"}],"about":[{"href":"https:\/\/www.encontraermelinomatarazzo.com.br\/sobre\/wp-json\/wp\/v2\/types\/post"}],"author":[{"embeddable":true,"href":"https:\/\/www.encontraermelinomatarazzo.com.br\/sobre\/wp-json\/wp\/v2\/users\/1"}],"replies":[{"embeddable":true,"href":"https:\/\/www.encontraermelinomatarazzo.com.br\/sobre\/wp-json\/wp\/v2\/comments?post=773"}],"version-history":[{"count":0,"href":"https:\/\/www.encontraermelinomatarazzo.com.br\/sobre\/wp-json\/wp\/v2\/posts\/773\/revisions"}],"wp:attachment":[{"href":"https:\/\/www.encontraermelinomatarazzo.com.br\/sobre\/wp-json\/wp\/v2\/media?parent=773"}],"wp:term":[{"taxonomy":"category","embeddable":true,"href":"https:\/\/www.encontraermelinomatarazzo.com.br\/sobre\/wp-json\/wp\/v2\/categories?post=773"},{"taxonomy":"post_tag","embeddable":true,"href":"https:\/\/www.encontraermelinomatarazzo.com.br\/sobre\/wp-json\/wp\/v2\/tags?post=773"}],"curies":[{"name":"wp","href":"https:\/\/api.w.org\/{rel}","templated":true}]}}