{"id":777,"date":"2012-09-13T14:43:17","date_gmt":"2012-09-13T16:43:17","guid":{"rendered":"http:\/\/www.encontraermelinomatarazzo.com.br\/noticias\/?p=777"},"modified":"2019-04-29T17:14:48","modified_gmt":"2019-04-29T19:14:48","slug":"ermelino-matarazzo-pm-e-preso-suspeito-de-assalto-e-porte-ilegal-de-armas","status":"publish","type":"post","link":"https:\/\/www.encontraermelinomatarazzo.com.br\/sobre\/ermelino-matarazzo-pm-e-preso-suspeito-de-assalto-e-porte-ilegal-de-armas\/","title":{"rendered":"Ermelino Matarazzo: PM \u00e9 preso suspeito de assalto e porte ilegal de armas"},"content":{"rendered":"<div class=\"582a572a76647b318fccfc02422c37de\" data-index=\"1\" style=\"float: none; margin:0px;\">\n<!-- Anuncio display - global -->\r\n<ins class=\"adsbygoogle\"\r\n     style=\"display:block\"\r\n     data-ad-client=\"ca-pub-8585364105181520\"\r\n     data-ad-slot=\"8789329856\"\r\n     data-ad-format=\"auto\"\r\n     data-full-width-responsive=\"true\"><\/ins>\r\n<script>\r\n     (adsbygoogle = window.adsbygoogle || []).push({});\r\n<\/script>\n<\/div>\n<p>Um policial\u00a0militar\u00a0foi\u00a0preso no bairro de Ermelino Matarazzo, na zona leste de S\u00e3o Paulo, suspeito de assalto e porte ilegal de arma.<\/p>\n<p>De acordo com a pol\u00edcia, ele\u00a0 preso com uma espingarda calibre 12, um revolver e uma pistola. Estes armamentos n\u00e3o eram registrados na pol\u00edcia. Al\u00e9m das armas, foi apreendido muni\u00e7\u00f5es de diversos armamentos, inclusive de fuzil.<\/p>\n<p>O caso foi encaminhado ao <a title=\"24\u00ba Distrito Policial\" href=\"http:\/\/www.encontraermelinomatarazzo.com.br\/ermelino-matarazzo\/24-dp-de-ermelino-matarazzo.shtml\" target=\"_blank\">24\u00ba Distrito Policial<\/a>, na Ponte Rasa, onde foi registrado a ocorr\u00eancia. Ele deve ser transferido para o pres\u00eddio Rom\u00e3o Gomes.<\/p>\n<p><em>Fonte: R7\u00a0<\/em><\/p>\n\n<div style=\"font-size: 0px; height: 0px; line-height: 0px; margin: 0; padding: 0; clear: both;\"><\/div>","protected":false},"excerpt":{"rendered":"<p>Um policial\u00a0militar\u00a0foi\u00a0preso no bairro de Ermelino Matarazzo, na zona leste de S\u00e3o Paulo, suspeito de assalto e porte ilegal de arma. De acordo com a pol\u00edcia, ele\u00a0 preso com uma espingarda calibre 12, um revolver e uma pistola. Estes armamentos n\u00e3o eram registrados na pol\u00edcia. Al\u00e9m das armas, foi apreendido muni\u00e7\u00f5es de diversos armamentos, inclusive de fuzil. O caso foi encaminhado ao 24\u00ba Distrito Policial, na Ponte Rasa, onde foi registrado a ocorr\u00eancia. Ele deve ser transferido para o pres\u00eddio Rom\u00e3o Gomes. Fonte: R7\u00a0<\/p>\n","protected":false},"author":1,"featured_media":0,"comment_status":"open","ping_status":"closed","sticky":false,"template":"","format":"standard","meta":{"footnotes":""},"categories":[6],"tags":[],"class_list":["post-777","post","type-post","status-publish","format-standard","hentry","category-noticias-em-ermelino-matarazzo"],"aioseo_notices":[],"_links":{"self":[{"href":"https:\/\/www.encontraermelinomatarazzo.com.br\/sobre\/wp-json\/wp\/v2\/posts\/777","targetHints":{"allow":["GET"]}}],"collection":[{"href":"https:\/\/www.encontraermelinomatarazzo.com.br\/sobre\/wp-json\/wp\/v2\/posts"}],"about":[{"href":"https:\/\/www.encontraermelinomatarazzo.com.br\/sobre\/wp-json\/wp\/v2\/types\/post"}],"author":[{"embeddable":true,"href":"https:\/\/www.encontraermelinomatarazzo.com.br\/sobre\/wp-json\/wp\/v2\/users\/1"}],"replies":[{"embeddable":true,"href":"https:\/\/www.encontraermelinomatarazzo.com.br\/sobre\/wp-json\/wp\/v2\/comments?post=777"}],"version-history":[{"count":0,"href":"https:\/\/www.encontraermelinomatarazzo.com.br\/sobre\/wp-json\/wp\/v2\/posts\/777\/revisions"}],"wp:attachment":[{"href":"https:\/\/www.encontraermelinomatarazzo.com.br\/sobre\/wp-json\/wp\/v2\/media?parent=777"}],"wp:term":[{"taxonomy":"category","embeddable":true,"href":"https:\/\/www.encontraermelinomatarazzo.com.br\/sobre\/wp-json\/wp\/v2\/categories?post=777"},{"taxonomy":"post_tag","embeddable":true,"href":"https:\/\/www.encontraermelinomatarazzo.com.br\/sobre\/wp-json\/wp\/v2\/tags?post=777"}],"curies":[{"name":"wp","href":"https:\/\/api.w.org\/{rel}","templated":true}]}}