{"id":782,"date":"2012-09-21T02:40:19","date_gmt":"2012-09-21T04:40:19","guid":{"rendered":"http:\/\/www.encontraermelinomatarazzo.com.br\/noticias\/?p=782"},"modified":"2019-04-29T17:14:48","modified_gmt":"2019-04-29T19:14:48","slug":"subprefeitura-ermelino-matarazzo-realizara-o-plantio-de-mudas-de-arvores-em-escolas-da-regiao","status":"publish","type":"post","link":"https:\/\/www.encontraermelinomatarazzo.com.br\/sobre\/subprefeitura-ermelino-matarazzo-realizara-o-plantio-de-mudas-de-arvores-em-escolas-da-regiao\/","title":{"rendered":"Subprefeitura Ermelino Matarazzo realizar\u00e1 o plantio de mudas de \u00e1rvores em escolas da regi\u00e3o"},"content":{"rendered":"<div class=\"582a572a76647b318fccfc02422c37de\" data-index=\"1\" style=\"float: none; margin:0px;\">\n<!-- Anuncio display - global -->\r\n<ins class=\"adsbygoogle\"\r\n     style=\"display:block\"\r\n     data-ad-client=\"ca-pub-8585364105181520\"\r\n     data-ad-slot=\"8789329856\"\r\n     data-ad-format=\"auto\"\r\n     data-full-width-responsive=\"true\"><\/ins>\r\n<script>\r\n     (adsbygoogle = window.adsbygoogle || []).push({});\r\n<\/script>\n<\/div>\n<p>Em comemora\u00e7\u00e3o ao Dia da \u00c1rvore (21\/9), a Subprefeitura Ermelino Matarazzo realizar\u00e1 o plantio de mudas de \u00e1rvores na Escola Municipal de Educa\u00e7\u00e3o Infantil- \u201c Maestro Alex Martins, localizada na Rua Morro do Descanso, 169, no Jd. S\u00e3o Nicolau no CEI \u2013 Centro de Educa\u00e7\u00e3o Infantil Jd. Tr\u00eas Marias , localizado na Rua Raimundo Nogueira, S\/N, no CEI Maria da Gl\u00f3ria, localizado na Rua Aiaquara,17 , na Vila Cisper , no CdC D\u00e9lio de Carvalho, localizado na Rua Antonio Pedro Cear\u00e1,18 , Vila S\u00e3o Francisco e na Pra\u00e7a Acapunzal, na Vila Cisper.<\/p>\n<p>Ser\u00e3o plantadas 106 mudas das esp\u00e9cies: Jeriv\u00e1s, Aroeira Mansa, Ing\u00e1, Jabuticaba, Grumixama, Uvalha, Jequetib\u00e1 Branco, Saboneteira, entre outras.<\/p>\n<p>O objetivo do evento \u00e9 desenvolver nas novas gera\u00e7\u00f5es o sentimento de amor e preserva\u00e7\u00e3o ao meio ambiente. As crian\u00e7as participantes do evento ganhar\u00e3o um certificado de participa\u00e7\u00e3o.<\/p>\n<p>O evento ocorrer\u00e1 no dia 21 de setembro, \u00e0s 10h00, simultaneamente nos endere\u00e7os relacionados acima.<\/p>\n<p><em>Fonte: Prefeitura de S. Paulo\u00a0<\/em><\/p>\n\n<div style=\"font-size: 0px; height: 0px; line-height: 0px; margin: 0; padding: 0; clear: both;\"><\/div>","protected":false},"excerpt":{"rendered":"<p>Em comemora\u00e7\u00e3o ao Dia da \u00c1rvore (21\/9), a Subprefeitura Ermelino Matarazzo realizar\u00e1 o plantio de mudas de \u00e1rvores na Escola Municipal de Educa\u00e7\u00e3o Infantil- \u201c Maestro Alex Martins, localizada na Rua Morro do Descanso, 169, no Jd. S\u00e3o Nicolau no CEI \u2013 Centro de Educa\u00e7\u00e3o Infantil Jd. Tr\u00eas Marias , localizado na Rua Raimundo Nogueira, S\/N, no CEI Maria da Gl\u00f3ria, localizado na Rua Aiaquara,17 , na Vila Cisper , no CdC D\u00e9lio de Carvalho, localizado na Rua Antonio Pedro Cear\u00e1,18 , Vila S\u00e3o Francisco e na Pra\u00e7a Acapunzal, na Vila Cisper. Ser\u00e3o plantadas 106 mudas das esp\u00e9cies: Jeriv\u00e1s, Aroeira <\/p>\n","protected":false},"author":1,"featured_media":0,"comment_status":"open","ping_status":"closed","sticky":false,"template":"","format":"standard","meta":{"footnotes":""},"categories":[6],"tags":[],"class_list":["post-782","post","type-post","status-publish","format-standard","hentry","category-noticias-em-ermelino-matarazzo"],"aioseo_notices":[],"_links":{"self":[{"href":"https:\/\/www.encontraermelinomatarazzo.com.br\/sobre\/wp-json\/wp\/v2\/posts\/782","targetHints":{"allow":["GET"]}}],"collection":[{"href":"https:\/\/www.encontraermelinomatarazzo.com.br\/sobre\/wp-json\/wp\/v2\/posts"}],"about":[{"href":"https:\/\/www.encontraermelinomatarazzo.com.br\/sobre\/wp-json\/wp\/v2\/types\/post"}],"author":[{"embeddable":true,"href":"https:\/\/www.encontraermelinomatarazzo.com.br\/sobre\/wp-json\/wp\/v2\/users\/1"}],"replies":[{"embeddable":true,"href":"https:\/\/www.encontraermelinomatarazzo.com.br\/sobre\/wp-json\/wp\/v2\/comments?post=782"}],"version-history":[{"count":0,"href":"https:\/\/www.encontraermelinomatarazzo.com.br\/sobre\/wp-json\/wp\/v2\/posts\/782\/revisions"}],"wp:attachment":[{"href":"https:\/\/www.encontraermelinomatarazzo.com.br\/sobre\/wp-json\/wp\/v2\/media?parent=782"}],"wp:term":[{"taxonomy":"category","embeddable":true,"href":"https:\/\/www.encontraermelinomatarazzo.com.br\/sobre\/wp-json\/wp\/v2\/categories?post=782"},{"taxonomy":"post_tag","embeddable":true,"href":"https:\/\/www.encontraermelinomatarazzo.com.br\/sobre\/wp-json\/wp\/v2\/tags?post=782"}],"curies":[{"name":"wp","href":"https:\/\/api.w.org\/{rel}","templated":true}]}}