{"id":798,"date":"2012-11-09T12:17:22","date_gmt":"2012-11-09T14:17:22","guid":{"rendered":"http:\/\/www.encontraermelinomatarazzo.com.br\/noticias\/?p=798"},"modified":"2019-04-29T17:14:48","modified_gmt":"2019-04-29T19:14:48","slug":"a-subprefeitura-ermelino-matarazzo-coloca-a-disposicao-da-iniciativa-privada-a-possibilidade-de-adocao-de-areas-verdes-municipais","status":"publish","type":"post","link":"https:\/\/www.encontraermelinomatarazzo.com.br\/sobre\/a-subprefeitura-ermelino-matarazzo-coloca-a-disposicao-da-iniciativa-privada-a-possibilidade-de-adocao-de-areas-verdes-municipais\/","title":{"rendered":"A Subprefeitura Ermelino Matarazzo coloca a disposi\u00e7\u00e3o da iniciativa privada a possibilidade de ado\u00e7\u00e3o de \u00e1reas verdes municipais"},"content":{"rendered":"<div class=\"582a572a76647b318fccfc02422c37de\" data-index=\"1\" style=\"float: none; margin:0px;\">\n<!-- Anuncio display - global -->\r\n<ins class=\"adsbygoogle\"\r\n     style=\"display:block\"\r\n     data-ad-client=\"ca-pub-8585364105181520\"\r\n     data-ad-slot=\"8789329856\"\r\n     data-ad-format=\"auto\"\r\n     data-full-width-responsive=\"true\"><\/ins>\r\n<script>\r\n     (adsbygoogle = window.adsbygoogle || []).push({});\r\n<\/script>\n<\/div>\n<p>Secretaria Municipal de Coordena\u00e7\u00e3o das Subprefeituras, atrav\u00e9s da Subprefeitura de Ermelino Matarazzo desenvolve um programa de parceria do poder p\u00fablico coma iniciativa privada.<\/p>\n<p>\u00c9 um programa simples que permite a qualquer cidad\u00e3o , empresa ou institui\u00e7\u00e3o assumir a responsabilidade de urbanizar, revitalizar e manter \u00e1reas verdes p\u00fablicas.<\/p>\n<p>Ao adotante caber\u00e1 manter as \u00e1reas adotadas limpas e em perfeitas condi\u00e7\u00f5es de uso para a comunidade, sendo permitido a coloca\u00e7\u00e3o de placa de divulga\u00e7\u00e3o da parceria com a logomarca da empresa .<\/p>\n<p>Al\u00e9m da divulga\u00e7\u00e3o e a valoriza\u00e7\u00e3o da marca da empresa adotante, contribui-se para o embelezamento da cidade e a melhoria da qualidade de vida da cidade.<\/p>\n<p>As parcerias proporcionam a cria\u00e7\u00e3o de uma consci\u00eancia ecol\u00f3gica, a partir da responsabilidade com a manuten\u00e7\u00e3o dos espa\u00e7os p\u00fablicos.<\/p>\n<p>Qualquer empresa, seja ela industria, com\u00e9rcio, prestador de servi\u00e7os ou associa\u00e7\u00e3o de bairro, Ong, entre outras, podem adotar uma pra\u00e7a, um parque, canteiro central de ruas e avenidas.<\/p>\n<p>Para maiores informa\u00e7\u00f5es compare\u00e7a na subprefeitura na Avenida S\u00e3o Miguel, 5550.<\/p>\n<p><em>Fonte: Prefeitura de S. Paulo<\/em><\/p>\n\n<div style=\"font-size: 0px; height: 0px; line-height: 0px; margin: 0; padding: 0; clear: both;\"><\/div>","protected":false},"excerpt":{"rendered":"<p>Secretaria Municipal de Coordena\u00e7\u00e3o das Subprefeituras, atrav\u00e9s da Subprefeitura de Ermelino Matarazzo desenvolve um programa de parceria do poder p\u00fablico coma iniciativa privada. \u00c9 um programa simples que permite a qualquer cidad\u00e3o , empresa ou institui\u00e7\u00e3o assumir a responsabilidade de urbanizar, revitalizar e manter \u00e1reas verdes p\u00fablicas. Ao adotante caber\u00e1 manter as \u00e1reas adotadas limpas e em perfeitas condi\u00e7\u00f5es de uso para a comunidade, sendo permitido a coloca\u00e7\u00e3o de placa de divulga\u00e7\u00e3o da parceria com a logomarca da empresa . Al\u00e9m da divulga\u00e7\u00e3o e a valoriza\u00e7\u00e3o da marca da empresa adotante, contribui-se para o embelezamento da cidade e a melhoria <\/p>\n","protected":false},"author":1,"featured_media":0,"comment_status":"open","ping_status":"closed","sticky":false,"template":"","format":"standard","meta":{"footnotes":""},"categories":[6],"tags":[],"class_list":["post-798","post","type-post","status-publish","format-standard","hentry","category-noticias-em-ermelino-matarazzo"],"aioseo_notices":[],"_links":{"self":[{"href":"https:\/\/www.encontraermelinomatarazzo.com.br\/sobre\/wp-json\/wp\/v2\/posts\/798","targetHints":{"allow":["GET"]}}],"collection":[{"href":"https:\/\/www.encontraermelinomatarazzo.com.br\/sobre\/wp-json\/wp\/v2\/posts"}],"about":[{"href":"https:\/\/www.encontraermelinomatarazzo.com.br\/sobre\/wp-json\/wp\/v2\/types\/post"}],"author":[{"embeddable":true,"href":"https:\/\/www.encontraermelinomatarazzo.com.br\/sobre\/wp-json\/wp\/v2\/users\/1"}],"replies":[{"embeddable":true,"href":"https:\/\/www.encontraermelinomatarazzo.com.br\/sobre\/wp-json\/wp\/v2\/comments?post=798"}],"version-history":[{"count":0,"href":"https:\/\/www.encontraermelinomatarazzo.com.br\/sobre\/wp-json\/wp\/v2\/posts\/798\/revisions"}],"wp:attachment":[{"href":"https:\/\/www.encontraermelinomatarazzo.com.br\/sobre\/wp-json\/wp\/v2\/media?parent=798"}],"wp:term":[{"taxonomy":"category","embeddable":true,"href":"https:\/\/www.encontraermelinomatarazzo.com.br\/sobre\/wp-json\/wp\/v2\/categories?post=798"},{"taxonomy":"post_tag","embeddable":true,"href":"https:\/\/www.encontraermelinomatarazzo.com.br\/sobre\/wp-json\/wp\/v2\/tags?post=798"}],"curies":[{"name":"wp","href":"https:\/\/api.w.org\/{rel}","templated":true}]}}