{"id":803,"date":"2012-11-21T00:13:30","date_gmt":"2012-11-21T02:13:30","guid":{"rendered":"http:\/\/www.encontraermelinomatarazzo.com.br\/noticias\/?p=803"},"modified":"2019-04-29T17:14:48","modified_gmt":"2019-04-29T19:14:48","slug":"chuva-forte-causou-transtornos-e-deixou-regiao-do-ermelino-matarazzo-em-estado-de-atencao","status":"publish","type":"post","link":"https:\/\/www.encontraermelinomatarazzo.com.br\/sobre\/chuva-forte-causou-transtornos-e-deixou-regiao-do-ermelino-matarazzo-em-estado-de-atencao\/","title":{"rendered":"Chuva forte causou transtornos e deixou regi\u00e3o do Ermelino Matarazzo em estado de aten\u00e7\u00e3o"},"content":{"rendered":"<div class=\"582a572a76647b318fccfc02422c37de\" data-index=\"1\" style=\"float: none; margin:0px;\">\n<!-- Anuncio display - global -->\r\n<ins class=\"adsbygoogle\"\r\n     style=\"display:block\"\r\n     data-ad-client=\"ca-pub-8585364105181520\"\r\n     data-ad-slot=\"8789329856\"\r\n     data-ad-format=\"auto\"\r\n     data-full-width-responsive=\"true\"><\/ins>\r\n<script>\r\n     (adsbygoogle = window.adsbygoogle || []).push({});\r\n<\/script>\n<\/div>\n<p>A forte chuva que atingiu a cidade de S\u00e3o Paulo na tarde de ontem (20) causou 17 pontos de alagamento em toda a capital paulista, segundo o Centro de Gerenciamento de Emerg\u00eancias (CGE), da Prefeitura de S\u00e3o Paulo. Na Zona Sul de S\u00e3o Paulo, diversos bairros registraram queda de granizo.<\/p>\n<p>Ap\u00f3s uma manh\u00e3 ensolarada, o temporal come\u00e7ou por volta das 15h de ontem, quando os term\u00f4metros marcavam 30\u00b0C na cidade. \u00c0s 15h40, as zonas Sul, Oeste, Leste, Sudeste e as marginais Tiet\u00ea e Pinheiros estavam em estado de aten\u00e7\u00e3o. O estado foi encerrado pouco antes das 17h, quando o sol voltou a aparecer.<\/p>\n<p>De acordo com o CGE, a esta\u00e7\u00e3o de medi\u00e7\u00e3o do bairro do Campo Limpo, na Zona Sul, foi a que registrou o maior \u00edndice de precipita\u00e7\u00e3o: 31,6 mm apenas nesta tarde. Na sequ\u00eancia, apareceu a esta\u00e7\u00e3o que fica perto da Ponte Jo\u00e3o Dias, com 29,8 mm de chuva.? A regi\u00e3o da Vila Mariana tamb\u00e9m sofreu com as chuvas durante a tarde.<\/p>\n<p>A CET (Companhia de Engenharia de Tr\u00e1fego) n\u00e3o registrou problemas quanto ao tr\u00e2nsito durante a tarde de ontem.<\/p>\n<p><strong>Defesa Civil<\/strong><\/p>\n<p>Por volta das 16h da tarde de ontem (20), a Defesa Civil tamb\u00e9m decretou estado de aten\u00e7\u00e3o para enchente em alguns bairros da cidade. Butant\u00e3, Campo Limpo, M&#8217;Boi Mirim, Jabaquara, Ipiranga,Vila Prudente, Santo Amaro, Aricanduva, Vila Formosa, Guaianases Ermelino Matarazzo, Itaquera, Itaim, Mooca, S\u00e3o Miguel Paulista, Penha, S\u00e3o Mateus, Cidade Tiradentes e bairro da Vila Prudente corriam risco de alagamentos.<\/p>\n<p>No final da noite de ontem quase todos os bairro da cidade j\u00e1 haviam sa\u00eddo do estado de aten\u00e7\u00e3o.<\/p>\n<p><em>Fonte: G1<\/em><\/p>\n\n<div style=\"font-size: 0px; height: 0px; line-height: 0px; margin: 0; padding: 0; clear: both;\"><\/div>","protected":false},"excerpt":{"rendered":"<p>A forte chuva que atingiu a cidade de S\u00e3o Paulo na tarde de ontem (20) causou 17 pontos de alagamento em toda a capital paulista, segundo o Centro de Gerenciamento de Emerg\u00eancias (CGE), da Prefeitura de S\u00e3o Paulo. Na Zona Sul de S\u00e3o Paulo, diversos bairros registraram queda de granizo. Ap\u00f3s uma manh\u00e3 ensolarada, o temporal come\u00e7ou por volta das 15h de ontem, quando os term\u00f4metros marcavam 30\u00b0C na cidade. \u00c0s 15h40, as zonas Sul, Oeste, Leste, Sudeste e as marginais Tiet\u00ea e Pinheiros estavam em estado de aten\u00e7\u00e3o. O estado foi encerrado pouco antes das 17h, quando o sol <\/p>\n","protected":false},"author":1,"featured_media":0,"comment_status":"open","ping_status":"closed","sticky":false,"template":"","format":"standard","meta":{"footnotes":""},"categories":[6],"tags":[],"class_list":["post-803","post","type-post","status-publish","format-standard","hentry","category-noticias-em-ermelino-matarazzo"],"aioseo_notices":[],"_links":{"self":[{"href":"https:\/\/www.encontraermelinomatarazzo.com.br\/sobre\/wp-json\/wp\/v2\/posts\/803","targetHints":{"allow":["GET"]}}],"collection":[{"href":"https:\/\/www.encontraermelinomatarazzo.com.br\/sobre\/wp-json\/wp\/v2\/posts"}],"about":[{"href":"https:\/\/www.encontraermelinomatarazzo.com.br\/sobre\/wp-json\/wp\/v2\/types\/post"}],"author":[{"embeddable":true,"href":"https:\/\/www.encontraermelinomatarazzo.com.br\/sobre\/wp-json\/wp\/v2\/users\/1"}],"replies":[{"embeddable":true,"href":"https:\/\/www.encontraermelinomatarazzo.com.br\/sobre\/wp-json\/wp\/v2\/comments?post=803"}],"version-history":[{"count":0,"href":"https:\/\/www.encontraermelinomatarazzo.com.br\/sobre\/wp-json\/wp\/v2\/posts\/803\/revisions"}],"wp:attachment":[{"href":"https:\/\/www.encontraermelinomatarazzo.com.br\/sobre\/wp-json\/wp\/v2\/media?parent=803"}],"wp:term":[{"taxonomy":"category","embeddable":true,"href":"https:\/\/www.encontraermelinomatarazzo.com.br\/sobre\/wp-json\/wp\/v2\/categories?post=803"},{"taxonomy":"post_tag","embeddable":true,"href":"https:\/\/www.encontraermelinomatarazzo.com.br\/sobre\/wp-json\/wp\/v2\/tags?post=803"}],"curies":[{"name":"wp","href":"https:\/\/api.w.org\/{rel}","templated":true}]}}