{"id":81,"date":"2011-06-01T06:17:43","date_gmt":"2011-06-01T08:17:43","guid":{"rendered":"http:\/\/www.encontraermelinomatarazzo.com.br\/noticias\/?p=81"},"modified":"2019-04-29T17:15:17","modified_gmt":"2019-04-29T19:15:17","slug":"o-parque-esta-pronto-para-receber-a-populacao-de-ermelino-matarazzo","status":"publish","type":"post","link":"https:\/\/www.encontraermelinomatarazzo.com.br\/sobre\/o-parque-esta-pronto-para-receber-a-populacao-de-ermelino-matarazzo\/","title":{"rendered":"O Parque est\u00e1 pronto para receber a popula\u00e7\u00e3o de Ermelino Matarazzo"},"content":{"rendered":"<div class=\"582a572a76647b318fccfc02422c37de\" data-index=\"1\" style=\"float: none; margin:0px;\">\n<!-- Anuncio display - global -->\r\n<ins class=\"adsbygoogle\"\r\n     style=\"display:block\"\r\n     data-ad-client=\"ca-pub-8585364105181520\"\r\n     data-ad-slot=\"8789329856\"\r\n     data-ad-format=\"auto\"\r\n     data-full-width-responsive=\"true\"><\/ins>\r\n<script>\r\n     (adsbygoogle = window.adsbygoogle || []).push({});\r\n<\/script>\n<\/div>\n<p>No s\u00e1bado, dia 28 de maio, o Secret\u00e1rio do Verde e Meio Ambiente, acompanhado do Subprefeito de bairro do Ermelino Matarazzo e do vereador que tem sua base pol\u00edtica na regi\u00e3o, realizaram a inaugura\u00e7\u00e3o do Parque Linear Francisco Menegolo.<\/p>\n<p>O Secret\u00e1rio afirmou \u201cque o objetivo da implanta\u00e7\u00e3o dos parques lineares \u00e9 reintegrar os rios na vida da cidade\u201d.<\/p>\n<p>Na oportunidade o Subprefeito disse\u201do mundo clama por mais \u00e1reas verdes e a Prefeitura de S\u00e3o Paulo atendendo a esse clamor presenteia a comunidade de Ermelino Matarazzo com o Parque Linear Francisco Menegolo, que ir\u00e1 melhorar a qualidade de vida da popula\u00e7\u00e3o moradora no entorno, o parque ser\u00e1 o ponto de encontro da popula\u00e7\u00e3o local\u201d.<\/p>\n<p>O Parque Linear Francisco Menegolo, na Bacia do C\u00f3rrego Mongagu\u00e1, faz parte do Programa \u201cC\u00f3rrego Limpo\u201d que prev\u00ea obras de constru\u00e7\u00e3o de rede coletora de esgoto domiciliar, j\u00e1 conclu\u00edda pela Sabesp, recupera\u00e7\u00e3o paisag\u00edstica, com plantio de vegeta\u00e7\u00e3o, cria\u00e7\u00e3o de passeios, pista de caminhadas, \u00e1reas de recrea\u00e7\u00e3o com mobili\u00e1rio e brinquedos, quadras poliesportiva, pista de skate, ciclovia e constru\u00e7\u00e3o de palco com camarins, salas para ensaios. \u00c1rea total da interven\u00e7\u00e3o das obras 2,5Km\u00b2, beneficiando 45.000 habitantes.<\/p>\n<p>O Parque Linear do C\u00f3rrego Mongagu\u00e1 tem in\u00edcio na Av. S\u00e3o Miguel indo at\u00e9 a Av. Boturussu.<\/p>\n<p>Nos dias 14 e 15 de janeiro de 2009 a Subprefeitura realizou a desocupa\u00e7\u00e3o da \u00e1rea retirando 65 fam\u00edlias que moravam irregularmente no local em 29 barracos e, 36 moradias de alvenaria.<\/p>\n<p>Os principais impactos positivos:<\/p>\n<p>Com a constru\u00e7\u00e3o da rede coletora de esgoto domiciliar, milhares de toneladas de dejetos deixar\u00e3o de ser lan\u00e7ados no leito do c\u00f3rrego, possibilitando a despolui\u00e7\u00e3o de suas \u00e1guas;<\/p>\n<p>Com o plantio de centenas de \u00e1 rvores teremos o aumento da \u00e1rea verde, diminui\u00e7\u00e3o da temperatura contribuindo para a reduzir ilhas de calor e melhorar a umidade relativa do ar, com repercuss\u00f5es positivas na sa\u00fade dos habitantes;<\/p>\n<p>Aumento da \u00e1rea perme\u00e1vel possibilitando a infiltra\u00e7\u00e3o das \u00e1guas das chuvas, diminuindo o impacto das enchentes;<\/p>\n<p>Reurbanizar uma regi\u00e3o, central do bairro, proporcionando op\u00e7\u00f5es de lazer, culturais, esportivas, ambientais e econ\u00f4micas;<\/p>\n<p>Valoriza\u00e7\u00e3o imobili\u00e1ria, atra\u00e7\u00e3o de novos investimentos e desenvolvimento econ\u00f4mico de nosso bairro.<\/p>\n<p><em>Fonte: Prefeitura de S. Paulo<\/em><\/p>\n\n<div style=\"font-size: 0px; height: 0px; line-height: 0px; margin: 0; padding: 0; clear: both;\"><\/div>","protected":false},"excerpt":{"rendered":"<p>No s\u00e1bado, dia 28 de maio, o Secret\u00e1rio do Verde e Meio Ambiente, acompanhado do Subprefeito de bairro do Ermelino Matarazzo e do vereador que tem sua base pol\u00edtica na regi\u00e3o, realizaram a inaugura\u00e7\u00e3o do Parque Linear Francisco Menegolo. O Secret\u00e1rio afirmou \u201cque o objetivo da implanta\u00e7\u00e3o dos parques lineares \u00e9 reintegrar os rios na vida da cidade\u201d. Na oportunidade o Subprefeito disse\u201do mundo clama por mais \u00e1reas verdes e a Prefeitura de S\u00e3o Paulo atendendo a esse clamor presenteia a comunidade de Ermelino Matarazzo com o Parque Linear Francisco Menegolo, que ir\u00e1 melhorar a qualidade de vida da popula\u00e7\u00e3o <\/p>\n","protected":false},"author":1,"featured_media":0,"comment_status":"open","ping_status":"closed","sticky":false,"template":"","format":"standard","meta":{"footnotes":""},"categories":[6],"tags":[],"class_list":["post-81","post","type-post","status-publish","format-standard","hentry","category-noticias-em-ermelino-matarazzo"],"aioseo_notices":[],"_links":{"self":[{"href":"https:\/\/www.encontraermelinomatarazzo.com.br\/sobre\/wp-json\/wp\/v2\/posts\/81","targetHints":{"allow":["GET"]}}],"collection":[{"href":"https:\/\/www.encontraermelinomatarazzo.com.br\/sobre\/wp-json\/wp\/v2\/posts"}],"about":[{"href":"https:\/\/www.encontraermelinomatarazzo.com.br\/sobre\/wp-json\/wp\/v2\/types\/post"}],"author":[{"embeddable":true,"href":"https:\/\/www.encontraermelinomatarazzo.com.br\/sobre\/wp-json\/wp\/v2\/users\/1"}],"replies":[{"embeddable":true,"href":"https:\/\/www.encontraermelinomatarazzo.com.br\/sobre\/wp-json\/wp\/v2\/comments?post=81"}],"version-history":[{"count":0,"href":"https:\/\/www.encontraermelinomatarazzo.com.br\/sobre\/wp-json\/wp\/v2\/posts\/81\/revisions"}],"wp:attachment":[{"href":"https:\/\/www.encontraermelinomatarazzo.com.br\/sobre\/wp-json\/wp\/v2\/media?parent=81"}],"wp:term":[{"taxonomy":"category","embeddable":true,"href":"https:\/\/www.encontraermelinomatarazzo.com.br\/sobre\/wp-json\/wp\/v2\/categories?post=81"},{"taxonomy":"post_tag","embeddable":true,"href":"https:\/\/www.encontraermelinomatarazzo.com.br\/sobre\/wp-json\/wp\/v2\/tags?post=81"}],"curies":[{"name":"wp","href":"https:\/\/api.w.org\/{rel}","templated":true}]}}