{"id":811,"date":"2012-11-29T00:01:19","date_gmt":"2012-11-29T02:01:19","guid":{"rendered":"http:\/\/www.encontraermelinomatarazzo.com.br\/noticias\/?p=811"},"modified":"2019-04-29T17:14:48","modified_gmt":"2019-04-29T19:14:48","slug":"subprefeitura-ermelino-matarazzo-realizara-nos-dias-1415-e-16-de-dezembro-o-evento-natal-iluminado-2012","status":"publish","type":"post","link":"https:\/\/www.encontraermelinomatarazzo.com.br\/sobre\/subprefeitura-ermelino-matarazzo-realizara-nos-dias-1415-e-16-de-dezembro-o-evento-natal-iluminado-2012\/","title":{"rendered":"Subprefeitura Ermelino Matarazzo realizar\u00e1 nos dias 14, 15 e 16 de dezembro o evento Natal Iluminado 2012"},"content":{"rendered":"<div class=\"582a572a76647b318fccfc02422c37de\" data-index=\"1\" style=\"float: none; margin:0px;\">\n<!-- Anuncio display - global -->\r\n<ins class=\"adsbygoogle\"\r\n     style=\"display:block\"\r\n     data-ad-client=\"ca-pub-8585364105181520\"\r\n     data-ad-slot=\"8789329856\"\r\n     data-ad-format=\"auto\"\r\n     data-full-width-responsive=\"true\"><\/ins>\r\n<script>\r\n     (adsbygoogle = window.adsbygoogle || []).push({});\r\n<\/script>\n<\/div>\n<p>Nos dias 14, 15 e 16 de dezembro a Prefeitura de S\u00e3o Paulo, Subprefeitura do Ermelino Matarazzo e SPTuris realizar\u00e3o o evento \u201cNatal Iluminado 2012\u201d.<\/p>\n<p>O evento tem como objetivo celebrar a maior festa crist\u00e3 da humanidade e contar\u00e1 com atra\u00e7\u00f5es circense do Circo de Moscou (palha\u00e7os, m\u00e1gicos, malabaristas), Coral Bacarelli, apresenta\u00e7\u00f5es teatrais, Banda Sinf\u00f4nica da Escola Municipal Juarez T\u00e1vora, exposi\u00e7\u00e3o fotogr\u00e1fica, entre outras.<\/p>\n<p>O evento contar\u00e1 com infra-estrutura de palco, som e ilumina\u00e7\u00e3o profissional, banheiros qu\u00edmicos e o apoio da Guarda Civil Metropolitana, CET, SABESP, Secretaria do Verde e Meio Ambiente\u00a0e Pol\u00edcia Militar.<\/p>\n<p>A abertura do evento acontecer\u00e1 no dia 14 de dezembro \u00e0s 18h00 com encerramento \u00e0s 22h00. Nos demais dias o hor\u00e1rio ser\u00e1 das 14h00 \u00e0s 22h00.<\/p>\n<p>O evento ser\u00e1 realizado na Pra\u00e7a Benedicto Ramos Rodrigues, centro de Ermelino Matarazzo.<\/p>\n<p>Informa\u00e7\u00f5es:\u00a0Supervis\u00e3o de Cultura-tel: 2048-6585-ramal: 207.<\/p>\n<p><em>Fonte: Prefeitura de S. Paulo<\/em><\/p>\n\n<div style=\"font-size: 0px; height: 0px; line-height: 0px; margin: 0; padding: 0; clear: both;\"><\/div>","protected":false},"excerpt":{"rendered":"<p>Nos dias 14, 15 e 16 de dezembro a Prefeitura de S\u00e3o Paulo, Subprefeitura do Ermelino Matarazzo e SPTuris realizar\u00e3o o evento \u201cNatal Iluminado 2012\u201d. O evento tem como objetivo celebrar a maior festa crist\u00e3 da humanidade e contar\u00e1 com atra\u00e7\u00f5es circense do Circo de Moscou (palha\u00e7os, m\u00e1gicos, malabaristas), Coral Bacarelli, apresenta\u00e7\u00f5es teatrais, Banda Sinf\u00f4nica da Escola Municipal Juarez T\u00e1vora, exposi\u00e7\u00e3o fotogr\u00e1fica, entre outras. O evento contar\u00e1 com infra-estrutura de palco, som e ilumina\u00e7\u00e3o profissional, banheiros qu\u00edmicos e o apoio da Guarda Civil Metropolitana, CET, SABESP, Secretaria do Verde e Meio Ambiente\u00a0e Pol\u00edcia Militar. A abertura do evento acontecer\u00e1 no <\/p>\n","protected":false},"author":1,"featured_media":0,"comment_status":"open","ping_status":"closed","sticky":false,"template":"","format":"standard","meta":{"footnotes":""},"categories":[6],"tags":[],"class_list":["post-811","post","type-post","status-publish","format-standard","hentry","category-noticias-em-ermelino-matarazzo"],"aioseo_notices":[],"_links":{"self":[{"href":"https:\/\/www.encontraermelinomatarazzo.com.br\/sobre\/wp-json\/wp\/v2\/posts\/811","targetHints":{"allow":["GET"]}}],"collection":[{"href":"https:\/\/www.encontraermelinomatarazzo.com.br\/sobre\/wp-json\/wp\/v2\/posts"}],"about":[{"href":"https:\/\/www.encontraermelinomatarazzo.com.br\/sobre\/wp-json\/wp\/v2\/types\/post"}],"author":[{"embeddable":true,"href":"https:\/\/www.encontraermelinomatarazzo.com.br\/sobre\/wp-json\/wp\/v2\/users\/1"}],"replies":[{"embeddable":true,"href":"https:\/\/www.encontraermelinomatarazzo.com.br\/sobre\/wp-json\/wp\/v2\/comments?post=811"}],"version-history":[{"count":0,"href":"https:\/\/www.encontraermelinomatarazzo.com.br\/sobre\/wp-json\/wp\/v2\/posts\/811\/revisions"}],"wp:attachment":[{"href":"https:\/\/www.encontraermelinomatarazzo.com.br\/sobre\/wp-json\/wp\/v2\/media?parent=811"}],"wp:term":[{"taxonomy":"category","embeddable":true,"href":"https:\/\/www.encontraermelinomatarazzo.com.br\/sobre\/wp-json\/wp\/v2\/categories?post=811"},{"taxonomy":"post_tag","embeddable":true,"href":"https:\/\/www.encontraermelinomatarazzo.com.br\/sobre\/wp-json\/wp\/v2\/tags?post=811"}],"curies":[{"name":"wp","href":"https:\/\/api.w.org\/{rel}","templated":true}]}}