{"id":834,"date":"2012-12-25T01:17:10","date_gmt":"2012-12-25T03:17:10","guid":{"rendered":"http:\/\/www.encontraermelinomatarazzo.com.br\/noticias\/?p=834"},"modified":"2019-04-29T17:14:18","modified_gmt":"2019-04-29T19:14:18","slug":"ermelino-entrou-em-estado-de-atencao-por-causa-da-chuva","status":"publish","type":"post","link":"https:\/\/www.encontraermelinomatarazzo.com.br\/sobre\/ermelino-entrou-em-estado-de-atencao-por-causa-da-chuva\/","title":{"rendered":"Ermelino entrou em estado de aten\u00e7\u00e3o por causa da chuva"},"content":{"rendered":"<div class=\"582a572a76647b318fccfc02422c37de\" data-index=\"1\" style=\"float: none; margin:0px;\">\n<!-- Anuncio display - global -->\r\n<ins class=\"adsbygoogle\"\r\n     style=\"display:block\"\r\n     data-ad-client=\"ca-pub-8585364105181520\"\r\n     data-ad-slot=\"8789329856\"\r\n     data-ad-format=\"auto\"\r\n     data-full-width-responsive=\"true\"><\/ins>\r\n<script>\r\n     (adsbygoogle = window.adsbygoogle || []).push({});\r\n<\/script>\n<\/div>\n<p>A zona norte de S\u00e3o Paulo e as zonas leste e central da cidade de S\u00e3o Paulo, al\u00e9m da marginal Tiet\u00ea\u00a0entraram em estado de aten\u00e7\u00e3o para alagamentos por volta das 19h30 de ontem (24), segundo a CGE (Centro de Gerenciamento de Emerg\u00eancias). Um pouco mais tarde, \u00e0s 19h45, tamb\u00e9m entraram em aten\u00e7\u00e3o as zonas oeste, sudeste e a marginal Pinheiros.<\/p>\n<p>A precipita\u00e7\u00e3o era moderada, por volta das 19h30, com pontos fortes na regi\u00e3o central e em parte das zonas norte e leste, principalmente nos bairros que fazem divisa com o munic\u00edpio de Guarulhos, como Ja\u00e7an\u00e3, Trememb\u00e9, Vila Maria, Vila Guilherme, Penha, Mooca e Ermelino Matarazzo. Ainda de acordo com o CGE, nos demais pontos das duas regi\u00f5es, chovia fraco com pontos moderados.<\/p>\n<p>Depois, as chuvas come\u00e7am a se deslocar para outros locais da capital. Imagens de radar indicavam precipita\u00e7\u00e3o forte em diversos pontos tamb\u00e9m da zona sudeste, principalmente no bairro do Ipiranga. Na zona oeste, observava-se chuva moderada com pontos fortes no bairro do Butant\u00e3. Algumas ruas de Perdizes tamb\u00e9m ficaram debaixo d&#8217;\u00e1gua.<\/p>\n<p><strong>Previs\u00e3o<\/strong><\/p>\n<p>Os pr\u00f3ximos dias devem ter\u00a0 condi\u00e7\u00f5es t\u00edpicas de ver\u00e3o, com sol, calor e chuvas na forma de pancadas isoladas concentradas no final das tardes. A umidade relativa do ar pode atingir n\u00edveis pr\u00f3ximos aos 35% nas horas mais quentes.<\/p>\n<p><em>Fonte: R7<\/em><\/p>\n\n<div style=\"font-size: 0px; height: 0px; line-height: 0px; margin: 0; padding: 0; clear: both;\"><\/div>","protected":false},"excerpt":{"rendered":"<p>A zona norte de S\u00e3o Paulo e as zonas leste e central da cidade de S\u00e3o Paulo, al\u00e9m da marginal Tiet\u00ea\u00a0entraram em estado de aten\u00e7\u00e3o para alagamentos por volta das 19h30 de ontem (24), segundo a CGE (Centro de Gerenciamento de Emerg\u00eancias). Um pouco mais tarde, \u00e0s 19h45, tamb\u00e9m entraram em aten\u00e7\u00e3o as zonas oeste, sudeste e a marginal Pinheiros. A precipita\u00e7\u00e3o era moderada, por volta das 19h30, com pontos fortes na regi\u00e3o central e em parte das zonas norte e leste, principalmente nos bairros que fazem divisa com o munic\u00edpio de Guarulhos, como Ja\u00e7an\u00e3, Trememb\u00e9, Vila Maria, Vila Guilherme, <\/p>\n","protected":false},"author":1,"featured_media":0,"comment_status":"open","ping_status":"closed","sticky":false,"template":"","format":"standard","meta":{"footnotes":""},"categories":[6],"tags":[],"class_list":["post-834","post","type-post","status-publish","format-standard","hentry","category-noticias-em-ermelino-matarazzo"],"aioseo_notices":[],"_links":{"self":[{"href":"https:\/\/www.encontraermelinomatarazzo.com.br\/sobre\/wp-json\/wp\/v2\/posts\/834","targetHints":{"allow":["GET"]}}],"collection":[{"href":"https:\/\/www.encontraermelinomatarazzo.com.br\/sobre\/wp-json\/wp\/v2\/posts"}],"about":[{"href":"https:\/\/www.encontraermelinomatarazzo.com.br\/sobre\/wp-json\/wp\/v2\/types\/post"}],"author":[{"embeddable":true,"href":"https:\/\/www.encontraermelinomatarazzo.com.br\/sobre\/wp-json\/wp\/v2\/users\/1"}],"replies":[{"embeddable":true,"href":"https:\/\/www.encontraermelinomatarazzo.com.br\/sobre\/wp-json\/wp\/v2\/comments?post=834"}],"version-history":[{"count":0,"href":"https:\/\/www.encontraermelinomatarazzo.com.br\/sobre\/wp-json\/wp\/v2\/posts\/834\/revisions"}],"wp:attachment":[{"href":"https:\/\/www.encontraermelinomatarazzo.com.br\/sobre\/wp-json\/wp\/v2\/media?parent=834"}],"wp:term":[{"taxonomy":"category","embeddable":true,"href":"https:\/\/www.encontraermelinomatarazzo.com.br\/sobre\/wp-json\/wp\/v2\/categories?post=834"},{"taxonomy":"post_tag","embeddable":true,"href":"https:\/\/www.encontraermelinomatarazzo.com.br\/sobre\/wp-json\/wp\/v2\/tags?post=834"}],"curies":[{"name":"wp","href":"https:\/\/api.w.org\/{rel}","templated":true}]}}