{"id":860,"date":"2013-01-15T16:41:35","date_gmt":"2013-01-15T18:41:35","guid":{"rendered":"http:\/\/www.encontraermelinomatarazzo.com.br\/noticias\/?p=860"},"modified":"2019-04-29T17:14:17","modified_gmt":"2019-04-29T19:14:17","slug":"sebrae-movel-atende-a-populacao-de-ermelino-matarazzo-e-ponte-rasa","status":"publish","type":"post","link":"https:\/\/www.encontraermelinomatarazzo.com.br\/sobre\/sebrae-movel-atende-a-populacao-de-ermelino-matarazzo-e-ponte-rasa\/","title":{"rendered":"Sebrae M\u00f3vel atende a popula\u00e7\u00e3o de Ermelino Matarazzo e Ponte Rasa"},"content":{"rendered":"<div class=\"582a572a76647b318fccfc02422c37de\" data-index=\"1\" style=\"float: none; margin:0px;\">\n<!-- Anuncio display - global -->\r\n<ins class=\"adsbygoogle\"\r\n     style=\"display:block\"\r\n     data-ad-client=\"ca-pub-8585364105181520\"\r\n     data-ad-slot=\"8789329856\"\r\n     data-ad-format=\"auto\"\r\n     data-full-width-responsive=\"true\"><\/ins>\r\n<script>\r\n     (adsbygoogle = window.adsbygoogle || []).push({});\r\n<\/script>\n<\/div>\n<p>Com o apoio da Subprefeitura Ermelino Matarazzo, o Servi\u00e7o Brasileiro de Apoio \u00e0s Micros e Pequenas Empresas (Sebrae) estar\u00e1 orientando futuros empreendedores dos distritos de Ermelino Matarazzo e Ponte Rasa at\u00e9 18 de janeiro, das 10h \u00e0s 16h, na Avenida Olavo Eg\u00eddio de Souza Aranha, 1800.<\/p>\n<p>No dia 17, excepcionalmente, o atendimento ser\u00e1 das 10h \u00e0s 14h30.<\/p>\n<p>O Sebrae M\u00f3vel \u00e9 um escrit\u00f3rio itinerante que leva conhecimento a futuros empreendedores e tamb\u00e9m para quem pretende tornar sua empresa mais competitiva, inclusive os microempreendedores individuais (MEI), por meio de palestras, produtos e servi\u00e7os do Sebrae- SP.<\/p>\n<p><em>Fonte: Prefeitura de S. Paulo<\/em><\/p>\n\n<div style=\"font-size: 0px; height: 0px; line-height: 0px; margin: 0; padding: 0; clear: both;\"><\/div>","protected":false},"excerpt":{"rendered":"<p>Com o apoio da Subprefeitura Ermelino Matarazzo, o Servi\u00e7o Brasileiro de Apoio \u00e0s Micros e Pequenas Empresas (Sebrae) estar\u00e1 orientando futuros empreendedores dos distritos de Ermelino Matarazzo e Ponte Rasa at\u00e9 18 de janeiro, das 10h \u00e0s 16h, na Avenida Olavo Eg\u00eddio de Souza Aranha, 1800. No dia 17, excepcionalmente, o atendimento ser\u00e1 das 10h \u00e0s 14h30. O Sebrae M\u00f3vel \u00e9 um escrit\u00f3rio itinerante que leva conhecimento a futuros empreendedores e tamb\u00e9m para quem pretende tornar sua empresa mais competitiva, inclusive os microempreendedores individuais (MEI), por meio de palestras, produtos e servi\u00e7os do Sebrae- SP. Fonte: Prefeitura de S. Paulo<\/p>\n","protected":false},"author":1,"featured_media":0,"comment_status":"open","ping_status":"closed","sticky":false,"template":"","format":"standard","meta":{"footnotes":""},"categories":[6],"tags":[],"class_list":["post-860","post","type-post","status-publish","format-standard","hentry","category-noticias-em-ermelino-matarazzo"],"aioseo_notices":[],"_links":{"self":[{"href":"https:\/\/www.encontraermelinomatarazzo.com.br\/sobre\/wp-json\/wp\/v2\/posts\/860","targetHints":{"allow":["GET"]}}],"collection":[{"href":"https:\/\/www.encontraermelinomatarazzo.com.br\/sobre\/wp-json\/wp\/v2\/posts"}],"about":[{"href":"https:\/\/www.encontraermelinomatarazzo.com.br\/sobre\/wp-json\/wp\/v2\/types\/post"}],"author":[{"embeddable":true,"href":"https:\/\/www.encontraermelinomatarazzo.com.br\/sobre\/wp-json\/wp\/v2\/users\/1"}],"replies":[{"embeddable":true,"href":"https:\/\/www.encontraermelinomatarazzo.com.br\/sobre\/wp-json\/wp\/v2\/comments?post=860"}],"version-history":[{"count":0,"href":"https:\/\/www.encontraermelinomatarazzo.com.br\/sobre\/wp-json\/wp\/v2\/posts\/860\/revisions"}],"wp:attachment":[{"href":"https:\/\/www.encontraermelinomatarazzo.com.br\/sobre\/wp-json\/wp\/v2\/media?parent=860"}],"wp:term":[{"taxonomy":"category","embeddable":true,"href":"https:\/\/www.encontraermelinomatarazzo.com.br\/sobre\/wp-json\/wp\/v2\/categories?post=860"},{"taxonomy":"post_tag","embeddable":true,"href":"https:\/\/www.encontraermelinomatarazzo.com.br\/sobre\/wp-json\/wp\/v2\/tags?post=860"}],"curies":[{"name":"wp","href":"https:\/\/api.w.org\/{rel}","templated":true}]}}