{"id":868,"date":"2013-01-24T10:57:42","date_gmt":"2013-01-24T12:57:42","guid":{"rendered":"http:\/\/www.encontraermelinomatarazzo.com.br\/noticias\/?p=868"},"modified":"2019-04-29T17:14:17","modified_gmt":"2019-04-29T19:14:17","slug":"sabado-dia-26-de-janeiro-tem-operacao-cata-bagulho-na-vila-cisper-e-jardim-keralux-distrito-de-ermelino-matarazzo","status":"publish","type":"post","link":"https:\/\/www.encontraermelinomatarazzo.com.br\/sobre\/sabado-dia-26-de-janeiro-tem-operacao-cata-bagulho-na-vila-cisper-e-jardim-keralux-distrito-de-ermelino-matarazzo\/","title":{"rendered":"S\u00e1bado, dia 26 de janeiro, tem Opera\u00e7\u00e3o Cata-bagulho na Vila Cisper e Jardim Keralux, Distrito de Ermelino Matarazzo"},"content":{"rendered":"<div class=\"582a572a76647b318fccfc02422c37de\" data-index=\"1\" style=\"float: none; margin:0px;\">\n<!-- Anuncio display - global -->\r\n<ins class=\"adsbygoogle\"\r\n     style=\"display:block\"\r\n     data-ad-client=\"ca-pub-8585364105181520\"\r\n     data-ad-slot=\"8789329856\"\r\n     data-ad-format=\"auto\"\r\n     data-full-width-responsive=\"true\"><\/ins>\r\n<script>\r\n     (adsbygoogle = window.adsbygoogle || []).push({});\r\n<\/script>\n<\/div>\n<p>A Subprefeitura de Ermelino Matarazzo realiza s\u00e1bado ,dia 26 de janeiro, Opera\u00e7\u00e3o Cata-bagulho na Vila Cisper e Jardim Keralux.<\/p>\n<p>As equipes percorrer\u00e3o 68 vias para recolher materiais que n\u00e3o t\u00eam mais utilidade, como m\u00f3veis velhos, pneus usados e eletrodom\u00e9sticos quebrados, entre outros.<\/p>\n<p>Vale lembrar que o lixo dom\u00e9stico, hospitalar, industrial, resto de poda e entulho n\u00e3o ser\u00e3o recolhidos.<\/p>\n<p>Os moradores devem deixar esses objetos em suas cal\u00e7adas a partir das 7h para serem recolhidos.<\/p>\n<p>A iniciativa contribui no combate \u00e0s enchentes, ao evitar que esses materiais sejam descartados nas vias p\u00fablicas e prejudiquem o escoamento das \u00e1guas em dias de chuva ao entupir bueiros e bocas-de-lobo.<\/p>\n<p><strong>Ruas contempladas:<\/strong><\/p>\n<p>Rua Senador El\u00f3i de Souza<br \/>\nRua Olavo Eg\u00eddio de Sousa Aranha<br \/>\nRua Lagoa D&#8217;Anta<br \/>\nRua Candeal<br \/>\nRua Anisio de Abreu<br \/>\nRua Wenceslau Guimar\u00e3es<br \/>\nRua Ara\u00e7azal<br \/>\nRua Apaura<br \/>\nRua Nova Palmeira<br \/>\nRua Ribeiro do Amparo<br \/>\nRua Ganso do Norte<br \/>\nRua Jaic\u00f3s<br \/>\nRua Jaca\u00fana<br \/>\nRua Chaval<br \/>\nTravessa Guanaces<br \/>\nRua Bequimao<br \/>\nRua Arau\u00e1<br \/>\nRua Lagoa Nova<br \/>\nRua Barra de Santa Rosa<br \/>\nRua Aprigio<br \/>\nRua Campo Er\u00ea<br \/>\nRua Veriss\u00edmo<br \/>\nRua Acesita<br \/>\nRua Boaventura<br \/>\nRua Sirin<br \/>\nRua Quinoa<br \/>\nRua Brusque<br \/>\nRua Governador Azcher<br \/>\nRua Lajedo<br \/>\nRua Carui\u00e9<br \/>\nRua Cai\u00e7ara do Rio do Vento<br \/>\nRua Pirip\u00e1<br \/>\nRua 58<br \/>\nRua Pinda\u00ed<\/p>\n<p>Rua Xambr\u00e9<br \/>\nRua Lagoa da Prata<br \/>\nRua Eliezer Jos\u00e9 de Macedo<br \/>\nRua Noberto J. de Sousa<br \/>\nRua Abaira<br \/>\nRua Our\u00e9m<br \/>\nRua S\u00e3o Jos\u00e9 dos Cordeiros<br \/>\nRua Candiba<br \/>\nRua Pedra Lavrada<br \/>\nRua Nova Vi\u00e7osa<br \/>\nRua Ipia\u00e7u<br \/>\nRua Cachoeira dos Indios<br \/>\nRua Cicero Dantas<br \/>\nRua Cambira<br \/>\nRua Acapunzal<br \/>\nRua Anag\u00e9<br \/>\nRua Quinta do Sol<br \/>\nRua Cococi<br \/>\nRua Boiaruca<br \/>\nRua Nelson Benedito<br \/>\nRua Duas Ilhas<br \/>\nRua dos Mamonas<br \/>\nRua Palmeras<br \/>\nRua Arlindo Betio<br \/>\nRua Helenira de Rezende<br \/>\nRua Salesop\u00f3lis<br \/>\nRua Bispo e Martins<br \/>\nRua Maria Lucia Pettit<br \/>\nRua Feira de Santana<br \/>\nRua Vale do Amanhe\u00e7er<br \/>\nRua Candida Rosa<br \/>\nRua Paulo Fonteles<\/p>\n<p><em>Fonte: Prefeitura de S. Paulo<\/em><\/p>\n\n<div style=\"font-size: 0px; height: 0px; line-height: 0px; margin: 0; padding: 0; clear: both;\"><\/div>","protected":false},"excerpt":{"rendered":"<p>A Subprefeitura de Ermelino Matarazzo realiza s\u00e1bado ,dia 26 de janeiro, Opera\u00e7\u00e3o Cata-bagulho na Vila Cisper e Jardim Keralux. As equipes percorrer\u00e3o 68 vias para recolher materiais que n\u00e3o t\u00eam mais utilidade, como m\u00f3veis velhos, pneus usados e eletrodom\u00e9sticos quebrados, entre outros. Vale lembrar que o lixo dom\u00e9stico, hospitalar, industrial, resto de poda e entulho n\u00e3o ser\u00e3o recolhidos. Os moradores devem deixar esses objetos em suas cal\u00e7adas a partir das 7h para serem recolhidos. A iniciativa contribui no combate \u00e0s enchentes, ao evitar que esses materiais sejam descartados nas vias p\u00fablicas e prejudiquem o escoamento das \u00e1guas em dias de <\/p>\n","protected":false},"author":1,"featured_media":0,"comment_status":"open","ping_status":"closed","sticky":false,"template":"","format":"standard","meta":{"footnotes":""},"categories":[6],"tags":[],"class_list":["post-868","post","type-post","status-publish","format-standard","hentry","category-noticias-em-ermelino-matarazzo"],"aioseo_notices":[],"_links":{"self":[{"href":"https:\/\/www.encontraermelinomatarazzo.com.br\/sobre\/wp-json\/wp\/v2\/posts\/868","targetHints":{"allow":["GET"]}}],"collection":[{"href":"https:\/\/www.encontraermelinomatarazzo.com.br\/sobre\/wp-json\/wp\/v2\/posts"}],"about":[{"href":"https:\/\/www.encontraermelinomatarazzo.com.br\/sobre\/wp-json\/wp\/v2\/types\/post"}],"author":[{"embeddable":true,"href":"https:\/\/www.encontraermelinomatarazzo.com.br\/sobre\/wp-json\/wp\/v2\/users\/1"}],"replies":[{"embeddable":true,"href":"https:\/\/www.encontraermelinomatarazzo.com.br\/sobre\/wp-json\/wp\/v2\/comments?post=868"}],"version-history":[{"count":0,"href":"https:\/\/www.encontraermelinomatarazzo.com.br\/sobre\/wp-json\/wp\/v2\/posts\/868\/revisions"}],"wp:attachment":[{"href":"https:\/\/www.encontraermelinomatarazzo.com.br\/sobre\/wp-json\/wp\/v2\/media?parent=868"}],"wp:term":[{"taxonomy":"category","embeddable":true,"href":"https:\/\/www.encontraermelinomatarazzo.com.br\/sobre\/wp-json\/wp\/v2\/categories?post=868"},{"taxonomy":"post_tag","embeddable":true,"href":"https:\/\/www.encontraermelinomatarazzo.com.br\/sobre\/wp-json\/wp\/v2\/tags?post=868"}],"curies":[{"name":"wp","href":"https:\/\/api.w.org\/{rel}","templated":true}]}}