{"id":873,"date":"2013-02-06T00:38:24","date_gmt":"2013-02-06T02:38:24","guid":{"rendered":"http:\/\/www.encontraermelinomatarazzo.com.br\/noticias\/?p=873"},"modified":"2019-04-29T17:14:17","modified_gmt":"2019-04-29T19:14:17","slug":"distrito-de-ermelino-matarazzo-comemora-87-anos","status":"publish","type":"post","link":"https:\/\/www.encontraermelinomatarazzo.com.br\/sobre\/distrito-de-ermelino-matarazzo-comemora-87-anos\/","title":{"rendered":"Distrito de Ermelino Matarazzo comemora 87 anos"},"content":{"rendered":"<div class=\"582a572a76647b318fccfc02422c37de\" data-index=\"1\" style=\"float: none; margin:0px;\">\n<!-- Anuncio display - global -->\r\n<ins class=\"adsbygoogle\"\r\n     style=\"display:block\"\r\n     data-ad-client=\"ca-pub-8585364105181520\"\r\n     data-ad-slot=\"8789329856\"\r\n     data-ad-format=\"auto\"\r\n     data-full-width-responsive=\"true\"><\/ins>\r\n<script>\r\n     (adsbygoogle = window.adsbygoogle || []).push({});\r\n<\/script>\n<\/div>\n<p>Nesta quinta-feira (7\/2), o Distrito de Ermelino Matarazzo comemora 87 anos de exist\u00eancia. Um projeto de Lei Municipal, aprovado no final de 2010, oficializou a comemora\u00e7\u00e3o do anivers\u00e1rio do Distrito de Ermelino Matarazzo.<\/p>\n<p>A data corresponde \u00e0 inaugura\u00e7\u00e3o da Esta\u00e7\u00e3o Comendador Ermelino Matarazzo da antiga Estrada de Ferro Central do Brasil, hoje CPTM, que deu in\u00edcio ao povoamento da regi\u00e3o.<\/p>\n<p>Ap\u00f3s a instala\u00e7\u00e3o da unidade CELOSUL \u2013 Fabrica de Papel Celofane , na d\u00e9cada de 40, muitas fam\u00edlias estabeleceram resid\u00eancias na regi\u00e3o, visando uma oportunidade de emprego na rec\u00e9m instalada Fabrica CELOSUL, fabricante de embalagens, ligada as Industrias Reunidas Francisco Matarazzo, maior grupo industrial da Am\u00e9rica Latina na \u00e9poca.<\/p>\n<p>Hoje, Ermelino Matarazzo apresenta voca\u00e7\u00e3o comercial e prestador de servi\u00e7os, a popula\u00e7\u00e3o do Distrito de Ermelino Matarazzo e de aproximadamente 110 mil habitantes, na sua maioria oriundos de outras regi\u00f5es do Brasil, principalmente Minas Gerais e Bahia.<\/p>\n<p>A popula\u00e7\u00e3o de Ermelino Matarazzo \u00e9 orgulhosa de seu bairro, principalmente pelas lutas e conquistas, a chegada do asfalto, da ilumina\u00e7\u00e3o p\u00fablica, \u00e1gua e esgoto, hospital e principalmente do Campus da USP-LESTE.<\/p>\n<p>A Escola de Artes, Ci\u00eancias e Humanidades- <a title=\"EACH- USP-LESTE\" href=\"http:\/\/www.encontraermelinomatarazzo.com.br\/ermelino-matarazzo\/each-usp-ermelino-matarazzo.shtml\" target=\"_blank\">EACH- USP-LESTE<\/a>, foi inaugurada em 27 de fevereiro de 2005 tendo na sua grade curricular os Cursos de Ci\u00eancias da Atividade F\u00edsica, Gerontologia, Gest\u00e3o Ambientam, Gest\u00e3o de Pol\u00edticas P\u00fablicas Lazer e Turismo no bairro do Ermelino Matarazzo, T\u00eaxtil e Moda, Obstetr\u00edcia, entre outros.<\/p>\n<p><em>Fonte: Prefeitura Ermelino Matarazzo<\/em><\/p>\n\n<div style=\"font-size: 0px; height: 0px; line-height: 0px; margin: 0; padding: 0; clear: both;\"><\/div>","protected":false},"excerpt":{"rendered":"<p>Nesta quinta-feira (7\/2), o Distrito de Ermelino Matarazzo comemora 87 anos de exist\u00eancia. Um projeto de Lei Municipal, aprovado no final de 2010, oficializou a comemora\u00e7\u00e3o do anivers\u00e1rio do Distrito de Ermelino Matarazzo. A data corresponde \u00e0 inaugura\u00e7\u00e3o da Esta\u00e7\u00e3o Comendador Ermelino Matarazzo da antiga Estrada de Ferro Central do Brasil, hoje CPTM, que deu in\u00edcio ao povoamento da regi\u00e3o. Ap\u00f3s a instala\u00e7\u00e3o da unidade CELOSUL \u2013 Fabrica de Papel Celofane , na d\u00e9cada de 40, muitas fam\u00edlias estabeleceram resid\u00eancias na regi\u00e3o, visando uma oportunidade de emprego na rec\u00e9m instalada Fabrica CELOSUL, fabricante de embalagens, ligada as Industrias Reunidas Francisco <\/p>\n","protected":false},"author":1,"featured_media":0,"comment_status":"open","ping_status":"closed","sticky":false,"template":"","format":"standard","meta":{"footnotes":""},"categories":[6],"tags":[],"class_list":["post-873","post","type-post","status-publish","format-standard","hentry","category-noticias-em-ermelino-matarazzo"],"aioseo_notices":[],"_links":{"self":[{"href":"https:\/\/www.encontraermelinomatarazzo.com.br\/sobre\/wp-json\/wp\/v2\/posts\/873","targetHints":{"allow":["GET"]}}],"collection":[{"href":"https:\/\/www.encontraermelinomatarazzo.com.br\/sobre\/wp-json\/wp\/v2\/posts"}],"about":[{"href":"https:\/\/www.encontraermelinomatarazzo.com.br\/sobre\/wp-json\/wp\/v2\/types\/post"}],"author":[{"embeddable":true,"href":"https:\/\/www.encontraermelinomatarazzo.com.br\/sobre\/wp-json\/wp\/v2\/users\/1"}],"replies":[{"embeddable":true,"href":"https:\/\/www.encontraermelinomatarazzo.com.br\/sobre\/wp-json\/wp\/v2\/comments?post=873"}],"version-history":[{"count":0,"href":"https:\/\/www.encontraermelinomatarazzo.com.br\/sobre\/wp-json\/wp\/v2\/posts\/873\/revisions"}],"wp:attachment":[{"href":"https:\/\/www.encontraermelinomatarazzo.com.br\/sobre\/wp-json\/wp\/v2\/media?parent=873"}],"wp:term":[{"taxonomy":"category","embeddable":true,"href":"https:\/\/www.encontraermelinomatarazzo.com.br\/sobre\/wp-json\/wp\/v2\/categories?post=873"},{"taxonomy":"post_tag","embeddable":true,"href":"https:\/\/www.encontraermelinomatarazzo.com.br\/sobre\/wp-json\/wp\/v2\/tags?post=873"}],"curies":[{"name":"wp","href":"https:\/\/api.w.org\/{rel}","templated":true}]}}