{"id":901,"date":"2013-03-12T17:10:44","date_gmt":"2013-03-12T19:10:44","guid":{"rendered":"http:\/\/www.encontraermelinomatarazzo.com.br\/noticias\/?p=901"},"modified":"2019-04-29T17:14:17","modified_gmt":"2019-04-29T19:14:17","slug":"tenda-do-trabalhor-de-ermelino-matarazzo-realiza-oficinas-de-orientacao-profissional-no-mes-de-marco","status":"publish","type":"post","link":"https:\/\/www.encontraermelinomatarazzo.com.br\/sobre\/tenda-do-trabalhor-de-ermelino-matarazzo-realiza-oficinas-de-orientacao-profissional-no-mes-de-marco\/","title":{"rendered":"Tenda do Trabalhor de Ermelino Matarazzo realiza oficinas de orienta\u00e7\u00e3o profissional no m\u00eas de mar\u00e7o"},"content":{"rendered":"<div class=\"582a572a76647b318fccfc02422c37de\" data-index=\"1\" style=\"float: none; margin:0px;\">\n<!-- Anuncio display - global -->\r\n<ins class=\"adsbygoogle\"\r\n     style=\"display:block\"\r\n     data-ad-client=\"ca-pub-8585364105181520\"\r\n     data-ad-slot=\"8789329856\"\r\n     data-ad-format=\"auto\"\r\n     data-full-width-responsive=\"true\"><\/ins>\r\n<script>\r\n     (adsbygoogle = window.adsbygoogle || []).push({});\r\n<\/script>\n<\/div>\n<p>Durante o m\u00eas de mar\u00e7o as unidades do Centro de Apoio ao Trabalho (CAT), da Secretaria Municipal do Trabalho e do Empreendedorismo (Semte) realizar\u00e3o quatro oficinas que t\u00eam o objetivo de auxiliar pessoas desempregadas na avalia\u00e7\u00e3o profissional, nas possibilidades de reinser\u00e7\u00e3o no mercado de trabalho e na descoberta de aptid\u00f5es.<\/p>\n<p>Nesta quarta-feira (13\/2) ser\u00e1 ministrada a oficina <em>Marketing Pessoal<\/em>, que abordar\u00e1 temas fundamentais para a conquista de um novo emprego, como: ambiente profissional, marca pessoal, autoconhecimento, networking, discursos adequados e plano de carreira.<\/p>\n<p>No dia 20 de mar\u00e7o ser\u00e1 realizada uma oficina sobre <em>Educa\u00e7\u00e3o Financeira<\/em>, na qual os participantes aprender\u00e3o os quatro passos de um planejamento financeiro, consumir com prazer e sem vicio e tamb\u00e9m receber\u00e3o dicas de como obter um or\u00e7amento equilibrado.<\/p>\n<p>A programa\u00e7\u00e3o de mar\u00e7o termina abordando o <em>Empreendedorismo<\/em>, no dia 27. Na ocasi\u00e3o os palestrantes v\u00e3o esclarecer diversos conceitos sobre o tema, como as caracter\u00edsticas de um empreendedor, o que \u00e9 um MEI, planejamento de metas e como se formalizar como um microempreendedor individual.<\/p>\n<p>Os interessados em participar das oficinas devem ter, no m\u00ednimo, 16 anos de idade e comparecer portando RG, CPF, Carteira de Trabalho e PIS. As oficinas s\u00e3o realizadas \u00e0s 9h.<\/p>\n<p><strong>Confira o servi\u00e7o no bairro de Ermelino Matarazzo:<\/strong><\/p>\n<p><strong>Tendas do Trabalhador<\/strong><\/p>\n<p><strong>Zona Leste de SP<br \/>\n<\/strong>Avenida Boturuss\u00fa com Rua Professor Ant\u00f4nio de Castro Lopes &#8211; Ermelino Matarazzo<\/p>\n<p><em>Fonte: Prefeitura de S. Paulo<\/em><\/p>\n\n<div style=\"font-size: 0px; height: 0px; line-height: 0px; margin: 0; padding: 0; clear: both;\"><\/div>","protected":false},"excerpt":{"rendered":"<p>Durante o m\u00eas de mar\u00e7o as unidades do Centro de Apoio ao Trabalho (CAT), da Secretaria Municipal do Trabalho e do Empreendedorismo (Semte) realizar\u00e3o quatro oficinas que t\u00eam o objetivo de auxiliar pessoas desempregadas na avalia\u00e7\u00e3o profissional, nas possibilidades de reinser\u00e7\u00e3o no mercado de trabalho e na descoberta de aptid\u00f5es. Nesta quarta-feira (13\/2) ser\u00e1 ministrada a oficina Marketing Pessoal, que abordar\u00e1 temas fundamentais para a conquista de um novo emprego, como: ambiente profissional, marca pessoal, autoconhecimento, networking, discursos adequados e plano de carreira. No dia 20 de mar\u00e7o ser\u00e1 realizada uma oficina sobre Educa\u00e7\u00e3o Financeira, na qual os participantes aprender\u00e3o <\/p>\n","protected":false},"author":1,"featured_media":0,"comment_status":"open","ping_status":"closed","sticky":false,"template":"","format":"standard","meta":{"footnotes":""},"categories":[6],"tags":[],"class_list":["post-901","post","type-post","status-publish","format-standard","hentry","category-noticias-em-ermelino-matarazzo"],"aioseo_notices":[],"_links":{"self":[{"href":"https:\/\/www.encontraermelinomatarazzo.com.br\/sobre\/wp-json\/wp\/v2\/posts\/901","targetHints":{"allow":["GET"]}}],"collection":[{"href":"https:\/\/www.encontraermelinomatarazzo.com.br\/sobre\/wp-json\/wp\/v2\/posts"}],"about":[{"href":"https:\/\/www.encontraermelinomatarazzo.com.br\/sobre\/wp-json\/wp\/v2\/types\/post"}],"author":[{"embeddable":true,"href":"https:\/\/www.encontraermelinomatarazzo.com.br\/sobre\/wp-json\/wp\/v2\/users\/1"}],"replies":[{"embeddable":true,"href":"https:\/\/www.encontraermelinomatarazzo.com.br\/sobre\/wp-json\/wp\/v2\/comments?post=901"}],"version-history":[{"count":0,"href":"https:\/\/www.encontraermelinomatarazzo.com.br\/sobre\/wp-json\/wp\/v2\/posts\/901\/revisions"}],"wp:attachment":[{"href":"https:\/\/www.encontraermelinomatarazzo.com.br\/sobre\/wp-json\/wp\/v2\/media?parent=901"}],"wp:term":[{"taxonomy":"category","embeddable":true,"href":"https:\/\/www.encontraermelinomatarazzo.com.br\/sobre\/wp-json\/wp\/v2\/categories?post=901"},{"taxonomy":"post_tag","embeddable":true,"href":"https:\/\/www.encontraermelinomatarazzo.com.br\/sobre\/wp-json\/wp\/v2\/tags?post=901"}],"curies":[{"name":"wp","href":"https:\/\/api.w.org\/{rel}","templated":true}]}}