{"id":911,"date":"2013-03-27T12:47:50","date_gmt":"2013-03-27T14:47:50","guid":{"rendered":"http:\/\/www.encontraermelinomatarazzo.com.br\/noticias\/?p=911"},"modified":"2019-04-29T17:14:17","modified_gmt":"2019-04-29T19:14:17","slug":"areas-verdes-do-ermelino-matarazzo-recebem-servicos-de-limpeza-e-manutencao","status":"publish","type":"post","link":"https:\/\/www.encontraermelinomatarazzo.com.br\/sobre\/areas-verdes-do-ermelino-matarazzo-recebem-servicos-de-limpeza-e-manutencao\/","title":{"rendered":"\u00c1reas verdes do Ermelino Matarazzo recebem servi\u00e7os de limpeza e manuten\u00e7\u00e3o"},"content":{"rendered":"<div class=\"582a572a76647b318fccfc02422c37de\" data-index=\"1\" style=\"float: none; margin:0px;\">\n<!-- Anuncio display - global -->\r\n<ins class=\"adsbygoogle\"\r\n     style=\"display:block\"\r\n     data-ad-client=\"ca-pub-8585364105181520\"\r\n     data-ad-slot=\"8789329856\"\r\n     data-ad-format=\"auto\"\r\n     data-full-width-responsive=\"true\"><\/ins>\r\n<script>\r\n     (adsbygoogle = window.adsbygoogle || []).push({});\r\n<\/script>\n<\/div>\n<p>Durante os dias 25 e 29 de mar\u00e7o, 15 Subprefeituras realizar\u00e3o limpeza de \u00e1reas verdes e ajardinadas na capital. Corte de mato, remo\u00e7\u00e3o de detritos, limpeza de canteiros, pra\u00e7as e \u00e1reas ajardinadas est\u00e3o entre os servi\u00e7os realizados.<\/p>\n<p>Esse servi\u00e7o tamb\u00e9m pode ser solicitado pelos mun\u00edcipes atrav\u00e9s do telefone 156, nas pra\u00e7as de atendimento das Subprefeituras e pelo Servi\u00e7o de Atendimento ao Cidad\u00e3o (SAC) .<\/p>\n<p><strong>Confira as \u00e1reas que receber\u00e3o at\u00e9 o fim da semana o servi\u00e7o no bairro do Ermelino Matarazzo:<\/p>\n<p><\/strong>Rua dos Bolivianos, 718<br \/>\nRua Cel. Paulo Mariano, 401<br \/>\nRua Dr. Joaquim Augusto de Camargo, 420<br \/>\nPra\u00e7a Cristiano Rodrigues de Oliveira<br \/>\nRua Dois Vila Cisper<br \/>\nPra\u00e7a Frei Albino Aresi<strong><br \/>\n<\/strong><br \/>\n<em>Fonte: Prefeitura de S. Paulo<strong><br \/>\n<\/strong><\/em><\/p>\n\n<div style=\"font-size: 0px; height: 0px; line-height: 0px; margin: 0; padding: 0; clear: both;\"><\/div>","protected":false},"excerpt":{"rendered":"<p>Durante os dias 25 e 29 de mar\u00e7o, 15 Subprefeituras realizar\u00e3o limpeza de \u00e1reas verdes e ajardinadas na capital. Corte de mato, remo\u00e7\u00e3o de detritos, limpeza de canteiros, pra\u00e7as e \u00e1reas ajardinadas est\u00e3o entre os servi\u00e7os realizados. Esse servi\u00e7o tamb\u00e9m pode ser solicitado pelos mun\u00edcipes atrav\u00e9s do telefone 156, nas pra\u00e7as de atendimento das Subprefeituras e pelo Servi\u00e7o de Atendimento ao Cidad\u00e3o (SAC) . Confira as \u00e1reas que receber\u00e3o at\u00e9 o fim da semana o servi\u00e7o no bairro do Ermelino Matarazzo: Rua dos Bolivianos, 718 Rua Cel. Paulo Mariano, 401 Rua Dr. Joaquim Augusto de Camargo, 420 Pra\u00e7a Cristiano Rodrigues <\/p>\n","protected":false},"author":1,"featured_media":0,"comment_status":"open","ping_status":"closed","sticky":false,"template":"","format":"standard","meta":{"footnotes":""},"categories":[6],"tags":[],"class_list":["post-911","post","type-post","status-publish","format-standard","hentry","category-noticias-em-ermelino-matarazzo"],"aioseo_notices":[],"_links":{"self":[{"href":"https:\/\/www.encontraermelinomatarazzo.com.br\/sobre\/wp-json\/wp\/v2\/posts\/911","targetHints":{"allow":["GET"]}}],"collection":[{"href":"https:\/\/www.encontraermelinomatarazzo.com.br\/sobre\/wp-json\/wp\/v2\/posts"}],"about":[{"href":"https:\/\/www.encontraermelinomatarazzo.com.br\/sobre\/wp-json\/wp\/v2\/types\/post"}],"author":[{"embeddable":true,"href":"https:\/\/www.encontraermelinomatarazzo.com.br\/sobre\/wp-json\/wp\/v2\/users\/1"}],"replies":[{"embeddable":true,"href":"https:\/\/www.encontraermelinomatarazzo.com.br\/sobre\/wp-json\/wp\/v2\/comments?post=911"}],"version-history":[{"count":0,"href":"https:\/\/www.encontraermelinomatarazzo.com.br\/sobre\/wp-json\/wp\/v2\/posts\/911\/revisions"}],"wp:attachment":[{"href":"https:\/\/www.encontraermelinomatarazzo.com.br\/sobre\/wp-json\/wp\/v2\/media?parent=911"}],"wp:term":[{"taxonomy":"category","embeddable":true,"href":"https:\/\/www.encontraermelinomatarazzo.com.br\/sobre\/wp-json\/wp\/v2\/categories?post=911"},{"taxonomy":"post_tag","embeddable":true,"href":"https:\/\/www.encontraermelinomatarazzo.com.br\/sobre\/wp-json\/wp\/v2\/tags?post=911"}],"curies":[{"name":"wp","href":"https:\/\/api.w.org\/{rel}","templated":true}]}}