{"id":947,"date":"2013-05-03T01:42:30","date_gmt":"2013-05-03T03:42:30","guid":{"rendered":"http:\/\/www.encontraermelinomatarazzo.com.br\/noticias\/?p=947"},"modified":"2019-04-29T17:14:16","modified_gmt":"2019-04-29T19:14:16","slug":"areas-verdes-e-ajardinadas-do-ermelino-matarazzo-recebem-manutencao","status":"publish","type":"post","link":"https:\/\/www.encontraermelinomatarazzo.com.br\/sobre\/areas-verdes-e-ajardinadas-do-ermelino-matarazzo-recebem-manutencao\/","title":{"rendered":"\u00c1reas verdes e ajardinadas do Ermelino Matarazzo recebem manuten\u00e7\u00e3o"},"content":{"rendered":"<div class=\"582a572a76647b318fccfc02422c37de\" data-index=\"1\" style=\"float: none; margin:0px;\">\n<!-- Anuncio display - global -->\r\n<ins class=\"adsbygoogle\"\r\n     style=\"display:block\"\r\n     data-ad-client=\"ca-pub-8585364105181520\"\r\n     data-ad-slot=\"8789329856\"\r\n     data-ad-format=\"auto\"\r\n     data-full-width-responsive=\"true\"><\/ins>\r\n<script>\r\n     (adsbygoogle = window.adsbygoogle || []).push({});\r\n<\/script>\n<\/div>\n<p>Equipes de 16 subprefeituras realizam servi\u00e7os de manuten\u00e7\u00e3o e limpeza em pra\u00e7as, canteiros centrais, taludes e \u00e1reas ajardinadas. Entre os servi\u00e7os est\u00e3o inclusos a ro\u00e7agem, capina\u00e7\u00e3o do mato, limpeza e remo\u00e7\u00e3o de detritos.<\/p>\n<p>No primeiro trimestre de 2013, aproximadamente 27,6 milh\u00f5es de metros quadrados de mato e grama foram cortados na cidade S\u00e3o Paulo.<\/p>\n<p>Essa manuten\u00e7\u00e3o tamb\u00e9m pode ser solicitado pelos mun\u00edcipes atrav\u00e9s do telefone 156, nas pra\u00e7as de atendimento das subprefeituras e pelo portal da Prefeitura de S\u00e3o Paulo.<\/p>\n<p>O servi\u00e7o na regi\u00e3o termina ao final da tarde de hoje (04\/05).<\/p>\n<p><strong>Veja os locais que recebem o servi\u00e7o no bairro do Ermelino Matarazzo:<br \/>\n<\/strong><\/p>\n<p>Avenida Boturussu<\/p>\n<p>Rua Antonio dos Santos<\/p>\n<p>Rua Doutor Manuel Segundo Vanderlei<\/p>\n<p>Rua Fern\u00e3o Mendes Pinto<\/p>\n<p>Rua Francisco Tavares<\/p>\n<p>Rua Ver\u00edssimo<\/p>\n<p>Rua Rui Pirozzelli<\/p>\n<p>Rua Jos\u00e9 Lopes Rodrigues<\/p>\n<p>Rua Lagoa Dantas<\/p>\n<p>Rua Guilherme de Oliveira<\/p>\n<p>Rua Frei Contrim<\/p>\n<p>Rua Dr. Flamiliano Costa<\/p>\n<p>Rua Pedro Goes da Silva<\/p>\n<p>Rua Leonel Ferreira<\/p>\n<p>Rua Japaraiquara<\/p>\n<p>Rua Ana Luiza de Souza<\/p>\n<p>Estrada de Mogi das Cruzes<\/p>\n<p>Rua Antonio Machado<\/p>\n<p>Av. Jaime Torres<\/p>\n<p>Av. Nocolau Jacinto<\/p>\n<p>Rua Bonifacio da Trindade<\/p>\n<p>Av. S\u00e3o Celso<\/p>\n<p>Rua Sonho Gaucho<\/p>\n<p>Rua Danilo Felippe<\/p>\n<p>Rua Figueira da Polin\u00e9sia c\/ a Rua Francisco Antonio de Miranda<\/p>\n<p><em>Fonte: Prefeitura de S. Paulo<\/em><strong><br \/>\n<\/strong><\/p>\n\n<div style=\"font-size: 0px; height: 0px; line-height: 0px; margin: 0; padding: 0; clear: both;\"><\/div>","protected":false},"excerpt":{"rendered":"<p>Equipes de 16 subprefeituras realizam servi\u00e7os de manuten\u00e7\u00e3o e limpeza em pra\u00e7as, canteiros centrais, taludes e \u00e1reas ajardinadas. Entre os servi\u00e7os est\u00e3o inclusos a ro\u00e7agem, capina\u00e7\u00e3o do mato, limpeza e remo\u00e7\u00e3o de detritos. No primeiro trimestre de 2013, aproximadamente 27,6 milh\u00f5es de metros quadrados de mato e grama foram cortados na cidade S\u00e3o Paulo. Essa manuten\u00e7\u00e3o tamb\u00e9m pode ser solicitado pelos mun\u00edcipes atrav\u00e9s do telefone 156, nas pra\u00e7as de atendimento das subprefeituras e pelo portal da Prefeitura de S\u00e3o Paulo. O servi\u00e7o na regi\u00e3o termina ao final da tarde de hoje (04\/05). Veja os locais que recebem o servi\u00e7o no <\/p>\n","protected":false},"author":1,"featured_media":0,"comment_status":"open","ping_status":"closed","sticky":false,"template":"","format":"standard","meta":{"footnotes":""},"categories":[6],"tags":[],"class_list":["post-947","post","type-post","status-publish","format-standard","hentry","category-noticias-em-ermelino-matarazzo"],"aioseo_notices":[],"_links":{"self":[{"href":"https:\/\/www.encontraermelinomatarazzo.com.br\/sobre\/wp-json\/wp\/v2\/posts\/947","targetHints":{"allow":["GET"]}}],"collection":[{"href":"https:\/\/www.encontraermelinomatarazzo.com.br\/sobre\/wp-json\/wp\/v2\/posts"}],"about":[{"href":"https:\/\/www.encontraermelinomatarazzo.com.br\/sobre\/wp-json\/wp\/v2\/types\/post"}],"author":[{"embeddable":true,"href":"https:\/\/www.encontraermelinomatarazzo.com.br\/sobre\/wp-json\/wp\/v2\/users\/1"}],"replies":[{"embeddable":true,"href":"https:\/\/www.encontraermelinomatarazzo.com.br\/sobre\/wp-json\/wp\/v2\/comments?post=947"}],"version-history":[{"count":0,"href":"https:\/\/www.encontraermelinomatarazzo.com.br\/sobre\/wp-json\/wp\/v2\/posts\/947\/revisions"}],"wp:attachment":[{"href":"https:\/\/www.encontraermelinomatarazzo.com.br\/sobre\/wp-json\/wp\/v2\/media?parent=947"}],"wp:term":[{"taxonomy":"category","embeddable":true,"href":"https:\/\/www.encontraermelinomatarazzo.com.br\/sobre\/wp-json\/wp\/v2\/categories?post=947"},{"taxonomy":"post_tag","embeddable":true,"href":"https:\/\/www.encontraermelinomatarazzo.com.br\/sobre\/wp-json\/wp\/v2\/tags?post=947"}],"curies":[{"name":"wp","href":"https:\/\/api.w.org\/{rel}","templated":true}]}}