{"id":970,"date":"2013-05-24T16:27:35","date_gmt":"2013-05-24T18:27:35","guid":{"rendered":"http:\/\/www.encontraermelinomatarazzo.com.br\/noticias\/?p=970"},"modified":"2019-04-29T17:14:16","modified_gmt":"2019-04-29T19:14:16","slug":"ermelino-matarazzo-recebe-operacao-cata-bagulho-neste-sabado-2505","status":"publish","type":"post","link":"https:\/\/www.encontraermelinomatarazzo.com.br\/sobre\/ermelino-matarazzo-recebe-operacao-cata-bagulho-neste-sabado-2505\/","title":{"rendered":"Ermelino Matarazzo recebe Opera\u00e7\u00e3o Cata-Bagulho neste s\u00e1bado (25\/05)"},"content":{"rendered":"<div class=\"582a572a76647b318fccfc02422c37de\" data-index=\"1\" style=\"float: none; margin:0px;\">\n<!-- Anuncio display - global -->\r\n<ins class=\"adsbygoogle\"\r\n     style=\"display:block\"\r\n     data-ad-client=\"ca-pub-8585364105181520\"\r\n     data-ad-slot=\"8789329856\"\r\n     data-ad-format=\"auto\"\r\n     data-full-width-responsive=\"true\"><\/ins>\r\n<script>\r\n     (adsbygoogle = window.adsbygoogle || []).push({});\r\n<\/script>\n<\/div>\n<p>No \u00faltimo s\u00e1bado do m\u00eas (25), entre 06h30 e 18h00, 29 subprefeituras participam da Opera\u00e7\u00e3o Cata-Bagulho.<\/p>\n<p>Moradores dessas regi\u00f5es poder\u00e3o descartar corretamente materiais sem utilidade como m\u00f3veis velhos, eletrodom\u00e9sticos quebrados, pe\u00e7as de metal, restos de madeira, entre outros. Para isso, os mun\u00edcipes precisam colocar os objetos a serem recolhidos em suas cal\u00e7adas com uma hora de anteced\u00eancia de acordo com a programa\u00e7\u00e3o relacionada abaixo.<\/p>\n<p>O objetivo da a\u00e7\u00e3o \u00e9 evitar que tais materiais sejam depositados em terrenos baldios, margens de c\u00f3rregos e vias, visto que o descarte irregular al\u00e9m de prejudicar a conserva\u00e7\u00e3o do espa\u00e7o p\u00fablico, \u00e9 considerado crime pass\u00edvel de multa de R$ 14 mil.<\/p>\n<p>Caso o mun\u00edcipe queira descartar algum item em desuso, mas sua rua n\u00e3o foi contemplada na \u00faltima opera\u00e7\u00e3o Cata-Bagulho, \u00e9 poss\u00edvel solicitar que a Subprefeitura de sua regi\u00e3o inclua a via na programa\u00e7\u00e3o do servi\u00e7o atrav\u00e9s do telefone 156 ou ainda, levar o material em desuso a um dos Ecopontos espalhados pela cidade com, no m\u00e1ximo, 1 m\u00b3 de entulho (volume equivalente a uma caixa d\u2019\u00e1gua de mil litros).<\/p>\n<p><span style=\"text-decoration: underline;\"><strong>Servi\u00e7o no bairro Ermelino Matarazzo: das 07h00 \u00e0s 10h00<\/strong><\/span><\/p>\n<p>Onde: Av. Botururssu, Rua Antonio de Castro Lopes, Rua Cherisa Maltara, Rua Cesar Cardoso Filho, Rua Venancio de Lisboa, Travessa Ramagem, Rua Manuel Segundo Vanderlei,Travessa Vicente de M\u00f4naco, Rua Americo de Queiroz Fa\u00e7o, Rua Deolinda Tavares, Rua Ovidio Lopes, Rua Campanella Antonio, Rua Guilherme de Oliveira S\u00e1, Rua Domingos Espinosa, Rua Doutor Jos\u00e9 M. de Freitas, Rua Fern\u00e3o Mendes Pinto, Rua Jos\u00e9 da Frota Holanda, Rua Domingos Cerqueira, Rua Antonio Tertuliano, Rua Rubens Galv\u00e3o de Fran\u00e7a, Rua D\u00e1rio Costa Matos, Rua Caetano Leal, Travessa Engenheiro Piazza,Travessa Justino P. de Souza, Rua Tom\u00e9 Monteiro de Fana, Rua Tom\u00e1s de Souza Vila Real, Rua Bento Mis, Rua Cerra de Matheus Sim\u00f5es, Rua Valdemar Amarante, Rua Paulo Bifano Alves, Rua Raimundo Brand\u00e3o Cela, Rua Josias Pereira, Rua s\u00e3o Joaquim da Barra, Rua Fritz Johonsen, Avenida Paranagu\u00e1, Rua Renato da Costa Banfim, Rua Favio Jos\u00e9 Bezerra, Rua Melo de Batista Guimar\u00e3es, Rua Egidio Adrian, Rua Professor Branco de Conto e Mello, Rua Antonio Silva, entre outras vias do bairro Boturuss\u00fa &#8220;B\u201d.<\/p>\n<p><em>Fonte: Prefeitura de S. Paulo<\/em><\/p>\n\n<div style=\"font-size: 0px; height: 0px; line-height: 0px; margin: 0; padding: 0; clear: both;\"><\/div>","protected":false},"excerpt":{"rendered":"<p>No \u00faltimo s\u00e1bado do m\u00eas (25), entre 06h30 e 18h00, 29 subprefeituras participam da Opera\u00e7\u00e3o Cata-Bagulho. Moradores dessas regi\u00f5es poder\u00e3o descartar corretamente materiais sem utilidade como m\u00f3veis velhos, eletrodom\u00e9sticos quebrados, pe\u00e7as de metal, restos de madeira, entre outros. Para isso, os mun\u00edcipes precisam colocar os objetos a serem recolhidos em suas cal\u00e7adas com uma hora de anteced\u00eancia de acordo com a programa\u00e7\u00e3o relacionada abaixo. O objetivo da a\u00e7\u00e3o \u00e9 evitar que tais materiais sejam depositados em terrenos baldios, margens de c\u00f3rregos e vias, visto que o descarte irregular al\u00e9m de prejudicar a conserva\u00e7\u00e3o do espa\u00e7o p\u00fablico, \u00e9 considerado crime pass\u00edvel <\/p>\n","protected":false},"author":1,"featured_media":0,"comment_status":"open","ping_status":"closed","sticky":false,"template":"","format":"standard","meta":{"footnotes":""},"categories":[6],"tags":[],"class_list":["post-970","post","type-post","status-publish","format-standard","hentry","category-noticias-em-ermelino-matarazzo"],"aioseo_notices":[],"_links":{"self":[{"href":"https:\/\/www.encontraermelinomatarazzo.com.br\/sobre\/wp-json\/wp\/v2\/posts\/970","targetHints":{"allow":["GET"]}}],"collection":[{"href":"https:\/\/www.encontraermelinomatarazzo.com.br\/sobre\/wp-json\/wp\/v2\/posts"}],"about":[{"href":"https:\/\/www.encontraermelinomatarazzo.com.br\/sobre\/wp-json\/wp\/v2\/types\/post"}],"author":[{"embeddable":true,"href":"https:\/\/www.encontraermelinomatarazzo.com.br\/sobre\/wp-json\/wp\/v2\/users\/1"}],"replies":[{"embeddable":true,"href":"https:\/\/www.encontraermelinomatarazzo.com.br\/sobre\/wp-json\/wp\/v2\/comments?post=970"}],"version-history":[{"count":0,"href":"https:\/\/www.encontraermelinomatarazzo.com.br\/sobre\/wp-json\/wp\/v2\/posts\/970\/revisions"}],"wp:attachment":[{"href":"https:\/\/www.encontraermelinomatarazzo.com.br\/sobre\/wp-json\/wp\/v2\/media?parent=970"}],"wp:term":[{"taxonomy":"category","embeddable":true,"href":"https:\/\/www.encontraermelinomatarazzo.com.br\/sobre\/wp-json\/wp\/v2\/categories?post=970"},{"taxonomy":"post_tag","embeddable":true,"href":"https:\/\/www.encontraermelinomatarazzo.com.br\/sobre\/wp-json\/wp\/v2\/tags?post=970"}],"curies":[{"name":"wp","href":"https:\/\/api.w.org\/{rel}","templated":true}]}}